{"id":77493,"date":"2010-11-30T00:46:29","date_gmt":"2010-11-29T23:46:29","guid":{"rendered":"http:\/\/www.fuldaer-nachrichten.de\/?p=77493"},"modified":"2010-11-30T08:47:36","modified_gmt":"2010-11-30T07:47:36","slug":"5-000-besucher-in-der-sonderausstellung-zu-besuch-bei-miro","status":"publish","type":"post","link":"https:\/\/www.fuldaernachrichten.de\/?p=77493","title":{"rendered":"5.000 Besucher in der Sonderausstellung \u201eZu Besuch bei Mir\u00c3\u00b3\u201c"},"content":{"rendered":"<p><strong>Fulda. <\/strong>Der Katalane Joan Mir\u00c3\u00b3 z\u00e4hlt zu den Vertretern der klassischen Moderne und gilt als einer der popul\u00e4rsten K\u00fcnstler des 20. Jahrhunderts. Bereits zu seinen Lebzeiten erfuhr sein k\u00fcnstlerisches Schaffen als Maler, Graphiker und Bildhauer international gro\u00dfe Anerkennung. Zu den bekanntesten Werken z\u00e4hlen die Keramikwand im UNESCO-Geb\u00e4ude in Paris aus dem Jahr 1968 und die Skulpturen auf \u00f6ffentlichen Pl\u00e4tzen in Barcelona und Chicago.<!--more--><\/p>\n<p>Joan Mir\u00c3\u00b3 selbst war es ein gro\u00dfes Anliegen, Menschen mit seinem Werk zu erreichen. Unter anderem deshalb lie\u00df er ab den 50er Jahren druckgrafische Serien erstellen. Die Ausstellung \u201eZu Besuch bei Mir\u00c3\u00b3\u201c der Kinder-Akademie Fulda zeigt rund 30 Originalwerke aus verschiedenen Lebensphasen und erm\u00f6glicht Einblicke in sein vielf\u00e4ltiges Farb- und Formenspiel. Mir\u00c3\u00b3s Symbole f\u00fcr Mond, Sterne, Vogel, Auge und Frau z\u00e4hlen zu den bekanntesten Elementen seiner Kunst. Zu seinem unverwechselbaren Stil z\u00e4hlen kr\u00e4ftige Farben, die die Elemente der katalanischen Volkskunst aufgreifen und abstrakte Heiterkeit ausstrahlen. Sein k\u00fcnstlerisches Schaffen dr\u00fcckte er in Gem\u00e4lden, Collagen, Skulpturen, Wandteppichen und Buchillustrationen aus.<\/p>\n<p>Die Kinder-Akademie Fulda freut sich besonders, dass die Ausstellung bereits von 73 Schulklassen &#8211; davon 21 Klassen mit F\u00fchrung, 62 Klassen F\u00fchrung plus Begleitprogramm &#8211; besucht wurde und sie alle Schultypen anspricht. Somit ist ein sch\u00f6nes Projekt der kulturellen Bildung gegl\u00fcckt. Eine Lehrerin, die k\u00fcrzlich mit ihrer 7. Hauptschulklasse die Ausstellung besucht hat, schrieb im Nachhinein: \u201eSehr sch\u00f6n war, dass die Museumsp\u00e4dagogin in ihrer F\u00fchrung auf die Fragen der Hauptsch\u00fcler eingegangen ist und die Sch\u00fcler so einen f\u00fcr sie verst\u00e4ndlichen Zugang zur Kunst von Joan Mir\u00c3\u00b3 gefunden haben.\u201c<\/p>\n<p>Eintrittspreise:<\/p>\n<p>Ausstellung inkl. Museum: 4,00 \u00e2\u201a\u00ac \/ Person<br \/>\nAusstellung inkl. Begleitprogramm: 6,00 \u00e2\u201a\u00ac \/ Person (nur f\u00fcr angemeldete Gruppen) &#8211; bei Schulklassen zwei Begleitpersonen frei<\/p>\n<p>\u00d6ffentliche F\u00fchrungen sind:<\/p>\n<p>Freitag: 14.30 Uhr<br \/>\nSamstag\/Sonntag: 13.30, 14.30, 15.30 Uhr\u00c2\u00a0 \u00c2\u00a0\u00c2\u00a0(\u00c4nderungen vorbehalten)<\/p>\n","protected":false},"excerpt":{"rendered":"<div class=\"tmnf_excerpt\"><p>Fulda. Der Katalane Joan Mir\u00c3\u00b3 z\u00e4hlt zu den Vertretern der klassischen Moderne und gilt als einer der popul\u00e4rsten K\u00fcnstler des 20. Jahrhunderts. Bereits zu seinen Lebzeiten erfuhr sein k\u00fcnstlerisches Schaffen als Maler, Graphiker und Bildhauer international gro\u00dfe Anerkennung. Zu den bekanntesten Werken z\u00e4hlen die Keramikwand im UNESCO-Geb\u00e4ude in Paris aus dem Jahr 1968 und die &hellip;<\/p>\n<\/div>","protected":false},"author":1,"featured_media":0,"comment_status":"closed","ping_status":"closed","sticky":false,"template":"","format":"standard","meta":{"footnotes":""},"categories":[1],"tags":[],"class_list":["post-77493","post","type-post","status-publish","format-standard","hentry","category-startseite"],"_links":{"self":[{"href":"https:\/\/www.fuldaernachrichten.de\/index.php?rest_route=\/wp\/v2\/posts\/77493","targetHints":{"allow":["GET"]}}],"collection":[{"href":"https:\/\/www.fuldaernachrichten.de\/index.php?rest_route=\/wp\/v2\/posts"}],"about":[{"href":"https:\/\/www.fuldaernachrichten.de\/index.php?rest_route=\/wp\/v2\/types\/post"}],"author":[{"embeddable":true,"href":"https:\/\/www.fuldaernachrichten.de\/index.php?rest_route=\/wp\/v2\/users\/1"}],"replies":[{"embeddable":true,"href":"https:\/\/www.fuldaernachrichten.de\/index.php?rest_route=%2Fwp%2Fv2%2Fcomments&post=77493"}],"version-history":[{"count":2,"href":"https:\/\/www.fuldaernachrichten.de\/index.php?rest_route=\/wp\/v2\/posts\/77493\/revisions"}],"predecessor-version":[{"id":77507,"href":"https:\/\/www.fuldaernachrichten.de\/index.php?rest_route=\/wp\/v2\/posts\/77493\/revisions\/77507"}],"wp:attachment":[{"href":"https:\/\/www.fuldaernachrichten.de\/index.php?rest_route=%2Fwp%2Fv2%2Fmedia&parent=77493"}],"wp:term":[{"taxonomy":"category","embeddable":true,"href":"https:\/\/www.fuldaernachrichten.de\/index.php?rest_route=%2Fwp%2Fv2%2Fcategories&post=77493"},{"taxonomy":"post_tag","embeddable":true,"href":"https:\/\/www.fuldaernachrichten.de\/index.php?rest_route=%2Fwp%2Fv2%2Ftags&post=77493"}],"curies":[{"name":"wp","href":"https:\/\/api.w.org\/{rel}","templated":true}]}}