{"id":7748,"date":"2008-02-06T00:52:05","date_gmt":"2008-02-05T23:52:05","guid":{"rendered":"http:\/\/www.schoene-nachrichten.de\/?p=7748"},"modified":"2008-02-06T00:52:05","modified_gmt":"2008-02-05T23:52:05","slug":"seniorenreisen-den-fruehling-auf-fehmarn-oder-im-thueringer-wald-begruessen","status":"publish","type":"post","link":"https:\/\/www.fuldaernachrichten.de\/?p=7748","title":{"rendered":"Seniorenreisen: Den Fr\u00fchling auf Fehmarn oder im Th\u00fcringer Wald begr\u00fc\u00dfen"},"content":{"rendered":"<p><strong>Fulda.<\/strong> Erste Knospen an B\u00e4umen und Str\u00e4uchern deuten es bereits an: Der Fr\u00fchling r\u00fcckt n\u00e4her. Damit nahen auch die Reisetermine f\u00fcr die Fr\u00fchjahres-Seniorenfreizeiten der Caritas im Bistum Fulda. Seit Weihnachten ist das Jahresprogramm 2008 bereits erh\u00e4ltlich, und dementsprechend haben auch schon viele Seniorinnen und Senioren eine Caritas-Reise gebucht. <!--more--><br \/>\nNoch Pl\u00e4tze frei sind aber beispielsweise bei der Seniorenfreizeit auf Fehmarn: Vom 3. bis 21. April erholen sich die Mitreisenden auf der bequem \u00fcber eine Br\u00fccke erreichbaren Insel mit dem angenehmen Reizklima und den sauberen Str\u00e4nden im Ostseeheilbad Burg.<\/p>\n<p>Gleichfalls noch teilnehmen k\u00f6nnen Interessierte an den vorpfingstlichen Einkehrtagen im th\u00fcringischen Winterstein nahe Eisenach vom 5. bis 9. Mai. Kleine Ausfl\u00fcge und ein spirituelles Programm mit Musik, Filmen, Gespr\u00e4chen und Gebet sorgen f\u00fcr einen anregenden Aufenthalt im landschaftlich reizvollen Emsetal.<\/p>\n<p>Ausf\u00fchrliche Informationen zu diesen und weiteren Seniorenreisen im\u00c2\u00a0 Programm der Caritas-Seniorenfreizeiten erhalten Interessierte kostenlos und unverbindlich beim Caritasverband f\u00fcr die Di\u00f6zese Fulda e.V., Wilhelmstr. 2, 36037 Fulda oder per Telefon\/Fax unter 0661\/2428-131 bzw. -112 sowie per E-Mail: <a href=\"mailto:monika.kuhnke@caritas-fulda.de\">monika.kuhnke@caritas-fulda.de<\/a>. Au\u00dferdem ist das vollst\u00e4ndige Programm unter <a target=\"_blank\" href=\"http:\/\/www.caritas-fulda.de\">www.caritas-fulda.de<\/a> im Downloadcenter als PDF-Datei hinterlegt. Wer sich lieber pers\u00f6nlich beraten lassen will, kann sich an oben genannte Adresse oder an den jeweiligen Caritas-Regionalverband vor Ort wenden.<\/p>\n","protected":false},"excerpt":{"rendered":"<div class=\"tmnf_excerpt\"><p>Fulda. Erste Knospen an B\u00e4umen und Str\u00e4uchern deuten es bereits an: Der Fr\u00fchling r\u00fcckt n\u00e4her. Damit nahen auch die Reisetermine f\u00fcr die Fr\u00fchjahres-Seniorenfreizeiten der Caritas im Bistum Fulda. Seit Weihnachten ist das Jahresprogramm 2008 bereits erh\u00e4ltlich, und dementsprechend haben auch schon viele Seniorinnen und Senioren eine Caritas-Reise gebucht.<\/p>\n<\/div>","protected":false},"author":1,"featured_media":0,"comment_status":"closed","ping_status":"closed","sticky":false,"template":"","format":"standard","meta":{"footnotes":""},"categories":[1,44],"tags":[],"class_list":["post-7748","post","type-post","status-publish","format-standard","hentry","category-startseite","category-kultur"],"_links":{"self":[{"href":"https:\/\/www.fuldaernachrichten.de\/index.php?rest_route=\/wp\/v2\/posts\/7748","targetHints":{"allow":["GET"]}}],"collection":[{"href":"https:\/\/www.fuldaernachrichten.de\/index.php?rest_route=\/wp\/v2\/posts"}],"about":[{"href":"https:\/\/www.fuldaernachrichten.de\/index.php?rest_route=\/wp\/v2\/types\/post"}],"author":[{"embeddable":true,"href":"https:\/\/www.fuldaernachrichten.de\/index.php?rest_route=\/wp\/v2\/users\/1"}],"replies":[{"embeddable":true,"href":"https:\/\/www.fuldaernachrichten.de\/index.php?rest_route=%2Fwp%2Fv2%2Fcomments&post=7748"}],"version-history":[{"count":0,"href":"https:\/\/www.fuldaernachrichten.de\/index.php?rest_route=\/wp\/v2\/posts\/7748\/revisions"}],"wp:attachment":[{"href":"https:\/\/www.fuldaernachrichten.de\/index.php?rest_route=%2Fwp%2Fv2%2Fmedia&parent=7748"}],"wp:term":[{"taxonomy":"category","embeddable":true,"href":"https:\/\/www.fuldaernachrichten.de\/index.php?rest_route=%2Fwp%2Fv2%2Fcategories&post=7748"},{"taxonomy":"post_tag","embeddable":true,"href":"https:\/\/www.fuldaernachrichten.de\/index.php?rest_route=%2Fwp%2Fv2%2Ftags&post=7748"}],"curies":[{"name":"wp","href":"https:\/\/api.w.org\/{rel}","templated":true}]}}