{"id":7738,"date":"2008-02-06T00:48:41","date_gmt":"2008-02-05T23:48:41","guid":{"rendered":"http:\/\/www.schoene-nachrichten.de\/?p=7738"},"modified":"2008-02-05T20:59:04","modified_gmt":"2008-02-05T19:59:04","slug":"karnevalisten-erobern-fliedener-rathaus","status":"publish","type":"post","link":"https:\/\/www.fuldaernachrichten.de\/?p=7738","title":{"rendered":"Karnevalisten erobern Fliedener Rathaus"},"content":{"rendered":"<p><strong>Flieden.<\/strong> Das Fliedener Rathaus verwandelte sich am Rosenmontag entsprechend der f\u00fcnften Jahreszeit wieder in eine echte Faschingshochburg. Um 9.00 Uhr st\u00fcrmten die ersten Karnevalisten aus R\u00fcckers das Geb\u00e4ude und B\u00fcrgermeister Winfried Kre\u00df bekam seinen Haftbefehl vorgetragen.<\/p>\n<p><strong>Fotos (6):<\/strong> Gemeinde Flieden<\/p>\n<p><a rel=\"lightbox[roadtrip]\" target=\"_blank\" href=\"http:\/\/www.schoene-nachrichten.de\/wp-content\/uploads\/2008\/02\/080206_flieden1.jpg\" title=\"080206_flieden1.jpg\"><img decoding=\"async\" src=\"http:\/\/www.schoene-nachrichten.de\/wp-content\/uploads\/2008\/02\/080206_flieden1.thumbnail.jpg\" alt=\"080206_flieden1.jpg\" \/><\/a>\u00c2\u00a0<a rel=\"lightbox[roadtrip]\" target=\"_blank\" href=\"http:\/\/www.schoene-nachrichten.de\/wp-content\/uploads\/2008\/02\/080206_flieden3.jpg\" title=\"080206_flieden3.jpg\"><img decoding=\"async\" src=\"http:\/\/www.schoene-nachrichten.de\/wp-content\/uploads\/2008\/02\/080206_flieden3.thumbnail.jpg\" alt=\"080206_flieden3.jpg\" \/><\/a>\u00c2\u00a0<a rel=\"lightbox[roadtrip]\" target=\"_blank\" href=\"http:\/\/www.schoene-nachrichten.de\/wp-content\/uploads\/2008\/02\/080206_flieden7.jpg\" title=\"080206_flieden7.jpg\"><img decoding=\"async\" src=\"http:\/\/www.schoene-nachrichten.de\/wp-content\/uploads\/2008\/02\/080206_flieden7.thumbnail.jpg\" alt=\"080206_flieden7.jpg\" \/><\/a><!--more--><\/p>\n<p>Nur durch eine milde Gabe in Form eines Schecks konnte er sich seiner Verhaftung entziehen. Karnevalsvereine und Gruppen aus Buchenrod, Magdlos, Flieden, Schweben, D\u00f6ngesm\u00fchle und Struth hatten sich an diesem n\u00e4rrischen Tag ebenfalls die Eroberung des Rathauses zum Ziel gesetzt, was ihnen auch erfolgreich gelang.<\/p>\n<p><a rel=\"lightbox[roadtrip]\" target=\"_blank\" href=\"http:\/\/www.schoene-nachrichten.de\/wp-content\/uploads\/2008\/02\/080206_flieden2.jpg\" title=\"080206_flieden2.jpg\"><img decoding=\"async\" src=\"http:\/\/www.schoene-nachrichten.de\/wp-content\/uploads\/2008\/02\/080206_flieden2.thumbnail.jpg\" alt=\"080206_flieden2.jpg\" \/><\/a>\u00c2\u00a0<a rel=\"lightbox[roadtrip]\" target=\"_blank\" href=\"http:\/\/www.schoene-nachrichten.de\/wp-content\/uploads\/2008\/02\/080206_flieden4.jpg\" title=\"080206_flieden4.jpg\"><img decoding=\"async\" src=\"http:\/\/www.schoene-nachrichten.de\/wp-content\/uploads\/2008\/02\/080206_flieden4.thumbnail.jpg\" alt=\"080206_flieden4.jpg\" \/><\/a>\u00c2\u00a0<a rel=\"lightbox[roadtrip]\" target=\"_blank\" href=\"http:\/\/www.schoene-nachrichten.de\/wp-content\/uploads\/2008\/02\/080206_flieden5.jpg\" title=\"080206_flieden5.jpg\"><img decoding=\"async\" src=\"http:\/\/www.schoene-nachrichten.de\/wp-content\/uploads\/2008\/02\/080206_flieden5.thumbnail.jpg\" alt=\"080206_flieden5.jpg\" \/><\/a><\/p>\n<p>F\u00fcr gute Laune sorgten neben den Prinzenpaaren und n\u00e4rrischen Komitees vor allem die Musikkapellen und die Darbietungen der Tanzgarden. Kre\u00df freute sich \u00fcber das Kommen der Vereine und deren Engagement, denn dadurch w\u00fcrde die n\u00e4rrische Zeit immer wieder zu einem Erlebnis.<\/p>\n<p><a rel=\"lightbox[roadtrip]\" target=\"_blank\" href=\"http:\/\/www.schoene-nachrichten.de\/wp-content\/uploads\/2008\/02\/080206_flieden6.jpg\" title=\"080206_flieden6.jpg\"><img decoding=\"async\" src=\"http:\/\/www.schoene-nachrichten.de\/wp-content\/uploads\/2008\/02\/080206_flieden6.thumbnail.jpg\" alt=\"080206_flieden6.jpg\" \/><\/a>\u00c2\u00a0<a rel=\"lightbox[roadtrip]\" target=\"_blank\" href=\"http:\/\/www.schoene-nachrichten.de\/wp-content\/uploads\/2008\/02\/080206_flieden8.jpg\" title=\"080206_flieden8.jpg\"><img decoding=\"async\" src=\"http:\/\/www.schoene-nachrichten.de\/wp-content\/uploads\/2008\/02\/080206_flieden8.thumbnail.jpg\" alt=\"080206_flieden8.jpg\" \/><\/a>\u00c2\u00a0<a rel=\"lightbox[roadtrip]\" target=\"_blank\" href=\"http:\/\/www.schoene-nachrichten.de\/wp-content\/uploads\/2008\/02\/080206_flieden9.jpg\" title=\"080206_flieden9.jpg\"><img decoding=\"async\" src=\"http:\/\/www.schoene-nachrichten.de\/wp-content\/uploads\/2008\/02\/080206_flieden9.thumbnail.jpg\" alt=\"080206_flieden9.jpg\" \/><\/a><\/p>\n","protected":false},"excerpt":{"rendered":"<div class=\"tmnf_excerpt\"><p>Flieden. Das Fliedener Rathaus verwandelte sich am Rosenmontag entsprechend der f\u00fcnften Jahreszeit wieder in eine echte Faschingshochburg. Um 9.00 Uhr st\u00fcrmten die ersten Karnevalisten aus R\u00fcckers das Geb\u00e4ude und B\u00fcrgermeister Winfried Kre\u00df bekam seinen Haftbefehl vorgetragen. Fotos (6): Gemeinde Flieden \u00c2\u00a0\u00c2\u00a0<\/p>\n<\/div>","protected":false},"author":1,"featured_media":0,"comment_status":"closed","ping_status":"closed","sticky":false,"template":"","format":"standard","meta":{"footnotes":""},"categories":[1,29],"tags":[],"class_list":["post-7738","post","type-post","status-publish","format-standard","hentry","category-startseite","category-politik"],"_links":{"self":[{"href":"https:\/\/www.fuldaernachrichten.de\/index.php?rest_route=\/wp\/v2\/posts\/7738","targetHints":{"allow":["GET"]}}],"collection":[{"href":"https:\/\/www.fuldaernachrichten.de\/index.php?rest_route=\/wp\/v2\/posts"}],"about":[{"href":"https:\/\/www.fuldaernachrichten.de\/index.php?rest_route=\/wp\/v2\/types\/post"}],"author":[{"embeddable":true,"href":"https:\/\/www.fuldaernachrichten.de\/index.php?rest_route=\/wp\/v2\/users\/1"}],"replies":[{"embeddable":true,"href":"https:\/\/www.fuldaernachrichten.de\/index.php?rest_route=%2Fwp%2Fv2%2Fcomments&post=7738"}],"version-history":[{"count":0,"href":"https:\/\/www.fuldaernachrichten.de\/index.php?rest_route=\/wp\/v2\/posts\/7738\/revisions"}],"wp:attachment":[{"href":"https:\/\/www.fuldaernachrichten.de\/index.php?rest_route=%2Fwp%2Fv2%2Fmedia&parent=7738"}],"wp:term":[{"taxonomy":"category","embeddable":true,"href":"https:\/\/www.fuldaernachrichten.de\/index.php?rest_route=%2Fwp%2Fv2%2Fcategories&post=7738"},{"taxonomy":"post_tag","embeddable":true,"href":"https:\/\/www.fuldaernachrichten.de\/index.php?rest_route=%2Fwp%2Fv2%2Ftags&post=7738"}],"curies":[{"name":"wp","href":"https:\/\/api.w.org\/{rel}","templated":true}]}}