{"id":77373,"date":"2010-11-29T02:48:09","date_gmt":"2010-11-29T01:48:09","guid":{"rendered":"http:\/\/www.fuldaer-nachrichten.de\/?p=77373"},"modified":"2010-11-29T08:48:23","modified_gmt":"2010-11-29T07:48:23","slug":"buchvorstellung-auf-den-spuren-der-paepstin-johanna","status":"publish","type":"post","link":"https:\/\/www.fuldaernachrichten.de\/?p=77373","title":{"rendered":"Buchvorstellung: Auf den Spuren der P\u00e4pstin Johanna"},"content":{"rendered":"<p><strong>Fulda<\/strong>. Am vergangen Freitagvormittag stellte Dr. Michael Imhof sein neues Buch \u201eDie P\u00e4pstin Johanna \u2013 Wahrheit und Mythos\u201c in der Rathaus-Buchhandlung in Fulda vor. Buchh\u00e4ndlerin Frau Barbara Fritz betonte das gro\u00dfe Interesse, das dem Thema der P\u00e4pstin seit Jahren konstant entgegengebracht werde.  Der Autor Michael Imhof zeigte in seinem fast einst\u00fcndigen Vortrag auf, dass die P\u00e4pstin seit dem sp\u00e4ten Mittelalter ein Teil der Papstgeschichte war, und dass es vor allen Dingen Dominikaner- und Franziskanerm\u00f6nche waren, die die Legende der P\u00e4pstin verbreiteten. Dar\u00fcber hinaus habe sich auch Martin Luther zur P\u00e4pstin ge\u00e4u\u00dfert, an deren Existenz er keinerlei Zweifel hatte. Welche Argumente f\u00fcr und gegen die Existenz einer P\u00e4pstin sprechen, werde in dem Buch ausf\u00fchrlich behandelt.<\/p>\n<p><a href=\"http:\/\/www.fuldaer-nachrichten.de\/wp-content\/uploads\/2010\/11\/101128_P\u00e4pstin1.jpg\"><img decoding=\"async\" class=\"alignnone size-medium wp-image-77379\" title=\"101128_P\u00e4pstin1\" src=\"http:\/\/www.fuldaer-nachrichten.de\/wp-content\/uploads\/2010\/11\/101128_P\u00e4pstin1-265x193.jpg\" alt=\"\" height=\"187\" \/><\/a> <a href=\"http:\/\/www.fuldaer-nachrichten.de\/wp-content\/uploads\/2010\/11\/101128_P\u00e4pstin2.jpg\"><img decoding=\"async\" class=\"alignnone size-medium wp-image-77380\" title=\"101128_P\u00e4pstin2\" src=\"http:\/\/www.fuldaer-nachrichten.de\/wp-content\/uploads\/2010\/11\/101128_P\u00e4pstin2-265x187.jpg\" alt=\"\" width=\"265\" height=\"187\" \/><\/a><!--more-->Seit nunmehr 750 Jahren w\u00fcrden sich Theologen, Historiker, Philosophen, Romanautoren, Filmemacher und Musicalproduzenten mit dem Thema auseinandersetzen. Ein wesentlicher Grund, weshalb das Buch gerade jetzt erschienen sei, ist das Musical \u201eDie P\u00e4pstin\u201c, das im Sommer in Fulda uraufgef\u00fchrt wird. Das Buch soll dazu beitragen, die Kenntnis zu den Hintergr\u00fcnden der P\u00e4pstin zu erweitern. Bislang war jedoch noch kein Buch erschienen, das das Thema f\u00fcr ein breites Publikum aufbereitete. Das Buch enth\u00e4lt aber nicht nur Aussagen zu den Viten der P\u00e4pstin, sondern ordnet das Thema auch in die Kultur- und Zeitgeschichte ein, wobei unter anderem auch ein Bezug zur heiligen Lioba hergestellt wird.<\/p>\n<p>Thomas Imhof, Gesch\u00e4ftsf\u00fchrer des Michael Imhof Verlags, betonte, dass es noch nie ein derartig reich illustriertes Buch zu dem Thema gegeben habe. Das Buch soll ein breites Publikum erreichen.<\/p>\n","protected":false},"excerpt":{"rendered":"<div class=\"tmnf_excerpt\"><p>Fulda. Am vergangen Freitagvormittag stellte Dr. Michael Imhof sein neues Buch \u201eDie P\u00e4pstin Johanna \u2013 Wahrheit und Mythos\u201c in der Rathaus-Buchhandlung in Fulda vor. Buchh\u00e4ndlerin Frau Barbara Fritz betonte das gro\u00dfe Interesse, das dem Thema der P\u00e4pstin seit Jahren konstant entgegengebracht werde. Der Autor Michael Imhof zeigte in seinem fast einst\u00fcndigen Vortrag auf, dass die &hellip;<\/p>\n<\/div>","protected":false},"author":1,"featured_media":0,"comment_status":"closed","ping_status":"closed","sticky":false,"template":"","format":"standard","meta":{"footnotes":""},"categories":[1,44],"tags":[],"class_list":["post-77373","post","type-post","status-publish","format-standard","hentry","category-startseite","category-kultur"],"_links":{"self":[{"href":"https:\/\/www.fuldaernachrichten.de\/index.php?rest_route=\/wp\/v2\/posts\/77373","targetHints":{"allow":["GET"]}}],"collection":[{"href":"https:\/\/www.fuldaernachrichten.de\/index.php?rest_route=\/wp\/v2\/posts"}],"about":[{"href":"https:\/\/www.fuldaernachrichten.de\/index.php?rest_route=\/wp\/v2\/types\/post"}],"author":[{"embeddable":true,"href":"https:\/\/www.fuldaernachrichten.de\/index.php?rest_route=\/wp\/v2\/users\/1"}],"replies":[{"embeddable":true,"href":"https:\/\/www.fuldaernachrichten.de\/index.php?rest_route=%2Fwp%2Fv2%2Fcomments&post=77373"}],"version-history":[{"count":5,"href":"https:\/\/www.fuldaernachrichten.de\/index.php?rest_route=\/wp\/v2\/posts\/77373\/revisions"}],"predecessor-version":[{"id":77384,"href":"https:\/\/www.fuldaernachrichten.de\/index.php?rest_route=\/wp\/v2\/posts\/77373\/revisions\/77384"}],"wp:attachment":[{"href":"https:\/\/www.fuldaernachrichten.de\/index.php?rest_route=%2Fwp%2Fv2%2Fmedia&parent=77373"}],"wp:term":[{"taxonomy":"category","embeddable":true,"href":"https:\/\/www.fuldaernachrichten.de\/index.php?rest_route=%2Fwp%2Fv2%2Fcategories&post=77373"},{"taxonomy":"post_tag","embeddable":true,"href":"https:\/\/www.fuldaernachrichten.de\/index.php?rest_route=%2Fwp%2Fv2%2Ftags&post=77373"}],"curies":[{"name":"wp","href":"https:\/\/api.w.org\/{rel}","templated":true}]}}