{"id":77352,"date":"2010-11-29T00:49:20","date_gmt":"2010-11-28T23:49:20","guid":{"rendered":"http:\/\/www.fuldaer-nachrichten.de\/?p=77352"},"modified":"2010-11-29T08:49:33","modified_gmt":"2010-11-29T07:49:33","slug":"hr-bigband-spielte-vor-2-800-hessischen-jugendlichen","status":"publish","type":"post","link":"https:\/\/www.fuldaernachrichten.de\/?p=77352","title":{"rendered":"hr-Bigband spielte vor 2.800 hessischen Jugendlichen"},"content":{"rendered":"<p><strong>Fulda. <\/strong>\u201eWir lieben Euch!\u201c, \u201eEin tolles Konzert!\u201c, \u201eKommt bitte wieder!\u201c, schreiben die Jugendlichen ins G\u00e4stebuch der hr-Bigband nach der Hessen-Schultour 2010. Vom 23. bis 26. November tourte die hr-Bigband durch f\u00fcnf hessische Schulen in Michelstadt, Frankfurt, Eschborn, Gie\u00dfen und Fulda. <!--more--><strong><br \/>\nSch\u00fcler sind begeistert von der Hessen-Schultour 2010<\/strong><\/p>\n<p>\u201eInsgesamt haben wir mit unseren f\u00fcnf Konzerten 2.800 Sch\u00fcler erreicht\u201c, so Bigband-Manager Olaf St\u00f6tzler, \u201eund an den Reaktionen sieht man, wie gut es dem Nachwuchs gefallen hat.\u201c Die Nachwuchsf\u00f6rderung liegt der hr-Bigband, die vielf\u00e4ltige Jugendprojekte betreibt, besonders am Herzen. \u201eGerade mit unseren moderierten und interaktiven Konzerten m\u00f6chten wir die musikalische Arbeit in den Schulen unterst\u00fctzen, Musik verschwindet ja leider immer mehr aus den Lehrpl\u00e4nen\u201c, so St\u00f6tzler. Die Schulbands k\u00f6nnen als Vorgruppe auftreten, und einige der Nachwuchs-Solisten haben die Chance, mit den Profimusikern zusammenzuspielen. \u201eDas ist f\u00fcr viele ein au\u00dfergew\u00f6hnliches und tolles Erlebnis, dem sie lange entgegenfiebern\u201c, sagt St\u00f6tzler.<\/p>\n<p>Schon zum vierten Mal waren die Profimusiker der hr-Bigband nun in hessischen Schulen unterwegs. Und die Nachfrage steigt: schon jetzt liegen zahlreiche Bewerbungen f\u00fcr das n\u00e4chste Jahr vor.<\/p>\n<p>Die n\u00e4chste Hessen-Schultour der hr-Bigband findet voraussichtlich im Herbst 2011 statt. Weitere Informationen zur Bewerbung gibt es im hr-Bigband-B\u00fcro bei Jochen Stolla unter der Telefonnummer (069) 155-2374 und der Email-Adresse: jstolla@hr-online.de.<\/p>\n<p>Infos zur hr-Bigband und ihren weiteren Jugendprojekten finden Sie unter <a href=\"http:\/\/www.hr-bigband.de\" target=\"_blank\">www.hr-bigband.de<\/a>.<\/p>\n","protected":false},"excerpt":{"rendered":"<div class=\"tmnf_excerpt\"><p>Fulda. \u201eWir lieben Euch!\u201c, \u201eEin tolles Konzert!\u201c, \u201eKommt bitte wieder!\u201c, schreiben die Jugendlichen ins G\u00e4stebuch der hr-Bigband nach der Hessen-Schultour 2010. Vom 23. bis 26. November tourte die hr-Bigband durch f\u00fcnf hessische Schulen in Michelstadt, Frankfurt, Eschborn, Gie\u00dfen und Fulda.<\/p>\n<\/div>","protected":false},"author":1,"featured_media":0,"comment_status":"closed","ping_status":"closed","sticky":false,"template":"","format":"standard","meta":{"footnotes":""},"categories":[1,53,44],"tags":[],"class_list":["post-77352","post","type-post","status-publish","format-standard","hentry","category-startseite","category-bildung","category-kultur"],"_links":{"self":[{"href":"https:\/\/www.fuldaernachrichten.de\/index.php?rest_route=\/wp\/v2\/posts\/77352","targetHints":{"allow":["GET"]}}],"collection":[{"href":"https:\/\/www.fuldaernachrichten.de\/index.php?rest_route=\/wp\/v2\/posts"}],"about":[{"href":"https:\/\/www.fuldaernachrichten.de\/index.php?rest_route=\/wp\/v2\/types\/post"}],"author":[{"embeddable":true,"href":"https:\/\/www.fuldaernachrichten.de\/index.php?rest_route=\/wp\/v2\/users\/1"}],"replies":[{"embeddable":true,"href":"https:\/\/www.fuldaernachrichten.de\/index.php?rest_route=%2Fwp%2Fv2%2Fcomments&post=77352"}],"version-history":[{"count":3,"href":"https:\/\/www.fuldaernachrichten.de\/index.php?rest_route=\/wp\/v2\/posts\/77352\/revisions"}],"predecessor-version":[{"id":77386,"href":"https:\/\/www.fuldaernachrichten.de\/index.php?rest_route=\/wp\/v2\/posts\/77352\/revisions\/77386"}],"wp:attachment":[{"href":"https:\/\/www.fuldaernachrichten.de\/index.php?rest_route=%2Fwp%2Fv2%2Fmedia&parent=77352"}],"wp:term":[{"taxonomy":"category","embeddable":true,"href":"https:\/\/www.fuldaernachrichten.de\/index.php?rest_route=%2Fwp%2Fv2%2Fcategories&post=77352"},{"taxonomy":"post_tag","embeddable":true,"href":"https:\/\/www.fuldaernachrichten.de\/index.php?rest_route=%2Fwp%2Fv2%2Ftags&post=77352"}],"curies":[{"name":"wp","href":"https:\/\/api.w.org\/{rel}","templated":true}]}}