{"id":77333,"date":"2010-11-27T03:01:56","date_gmt":"2010-11-27T02:01:56","guid":{"rendered":"http:\/\/www.fuldaer-nachrichten.de\/?p=77333"},"modified":"2010-11-27T10:04:42","modified_gmt":"2010-11-27T09:04:42","slug":"grossbaeckerei-unterstuetzt-erweiterungsbau-der-kreuzkirche","status":"publish","type":"post","link":"https:\/\/www.fuldaernachrichten.de\/?p=77333","title":{"rendered":"Gro\u00dfb\u00e4ckerei unterst\u00fctzt Erweiterungsbau der Kreuzkirche"},"content":{"rendered":"<p><a href=\"http:\/\/www.fuldaer-nachrichten.de\/wp-content\/uploads\/2010\/11\/fr\u00f6hlich_pappert2.jpg\"><img decoding=\"async\" class=\"alignleft size-thumbnail wp-image-77334\" title=\"fr\u00f6hlich_pappert2\" src=\"http:\/\/www.fuldaer-nachrichten.de\/wp-content\/uploads\/2010\/11\/fr\u00f6hlich_pappert2-265x176.jpg\" alt=\"\" width=\"265\" height=\"176\" \/><\/a>Fulda. Mit einer Spendenaktion unterst\u00fctzt die Gro\u00dfb\u00e4ckerei Pappert aus Poppenhausen bei Fulda die Pl\u00e4ne f\u00fcr einen Erweiterungsbau der Evangelische Kreuzkirchengemeinde Fulda-Neuenberg. Dazu sind seit dem heutigen Freitag in rund 30 Filialen in Stadt und Landkreis Fulda Spendendosen der Kreuzkirche aufgestellt.<\/p>\n<p>\u201eWir freuen uns, die engagierte Kirchengemeinde unterst\u00fctzen zu k\u00f6nnen\u201c, sagte Manfred Kl\u00fcber, Gesch\u00e4ftsf\u00fchrer der Papperts GmbH &amp; Co KG aus Poppenhausen. Er betonte, dass sich sein Unternehmen \u00fcber konfessionelle Grenzen hinweg gesellschaftlich verpflichtet f\u00fchle. \u201eWertevermittlung ist uns ein wichtiges Anliegen.\u201c Hier spielten die christlichen Kirchen noch immer eine zentrale Rolle. Kl\u00fcber: \u201eAls Unternehmer sehen wir auch bei unseren Auszubildenden, wie wichtig das Thema \u201eWerte\u201c ist. Kl\u00fcber stellte in Aussicht, das Bauvorhaben der Kreuzkirche mit weiteren Aktionen finanziell zu unterst\u00fctzen. \u201eWas Sie mit Ihrer Gemeinde in Bewegung gebracht haben, verdient gr\u00f6\u00dften Respekt\u201c, sagte er zu Pfarrer B\u00fcrger.<!--more--><\/p>\n<p>Pfarrer Stefan B\u00fcrger betonte, dass die Gemeinde f\u00fcr ihr Erweiterungsvorhaben auf Spenden angewiesen sei. Mit dem Wachstum der Gemeinde sei der Raumbedarf angestiegen. Das Ziel der Erweiterung umriss er so: \u201eWir ben\u00f6tigen fortschrittliche Funktionalit\u00e4t mit Flair.\u201c Die Gemeindearbeit k\u00f6nne Menschen begeistern. Der Kirchenbau bleibe erhalten, weil viele Menschen seit Bau 1964 schon lange dazu geh\u00f6ren, sie werde aber auch erweitert, weil neue dazu k\u00e4men, eben \u201eeine Harmonie von Alt und Neu\u201c, sagte B\u00fcrger. Der Firma Pappert dankte er f\u00fcr die Unterst\u00fctzung der Spendendosenaktion: \u201eJeder Cent z\u00e4hlt!\u201c<\/p>\n<p>B\u00fcrger stellte weitere kreative Aktionen in Aussicht, um Gemeindeglieder, B\u00fcrgerinnen und B\u00fcrger um Spenden zu bitten. Am 4. Advent l\u00e4dt er zum \u201eNeuenberger Weihnachtsmarkt\u201c mit Gl\u00fchwein, W\u00fcrstchen und vielem anderen ein. Dabei stellt er in Aussicht, dass er auch schneien werde.<\/p>\n<p>Bengt Seeberg, Dekan des Kirchenkreises Fulda, w\u00fcrdigte die Erweiterungspl\u00e4ne der Kreuzkirche als \u201esehr \u00fcberzeugendes Konzept\u201c, das er ganz und gar unterst\u00fctze. In Zeiten schrumpfender Mitgliederzahlen und sinkender Kirchensteuereinnahmen seien die Gemeinden auf neue Finanzierungsmodelle angewiesen. Die Spendensammelkampagne der Kreuzkirche habe da eine besondere Vorbildfunktion und seinen vollen R\u00fcckhalt. \u201eHier ist die dynamische, aus eigener Initiative aktiv gewordene Kreuzkirchengemeinde schon weiter als andere\u201c, sagte Seeberg. Er hoffe, dass das Vorbild ansteckend wirke. \u201eMarathonpfarrer und Fitnessb\u00e4cker, nehmen Sie m\u00f6glichst viele mit auf den Weg.\u201c<\/p>\n<p>HINTERGRUND<\/p>\n<p>Die Evangelische Kreuzkirchengemeinde Fulda-Neuenberg w\u00e4chst und w\u00e4chst. Vor allem die Neubaut\u00e4tigkeit und der Zuzug junger Familien im jungen Stadtteil Fulda Galerie haben dazu gef\u00fchrt, dass die Gemeinde von 300 Gemeindegliedern in den 1960er Jahren auf mehr als 2200 angewachsen ist. Mit 40 Jahren hat die Gemeinde den j\u00fcngsten Altersdurchschnitt im gesamten Kirchenkreis.<\/p>\n<p>Mehr als 100 Ehrenamtliche wirken in der lebendigen Gemeindearbeit mit: an den \u00fcberregional bekannten, monatlichen \u201eAAAnderen Gottesdiensten\u201c, in der Kreuzkirchenband, an besonderen Angeboten f\u00fcr Kinder- und Jugendliche sowie in der Altenarbeit und im Besuchsdienst. \u201eGemeinsam unterwegs\u201c lautet der Slogan der Gemeinde um Pfarrer Stefan B\u00fcrger.<\/p>\n<p>F\u00fcr die vielf\u00e4ltigen Aktivit\u00e4ten der dynamischen Gemeinde ist der Kirchenbau aus dem Jahr 1964 l\u00e4ngst zu klein. Es fehlt an funktionsgerechten und atmosph\u00e4risch einladenden R\u00e4umlichkeiten f\u00fcr Jung und Alt. Den Architektenwettbewerb f\u00fcr die Erweiterung des bestehenden Kirchengeb\u00e4udes in einen \u201eTreffpunkt Kirche\u201c hat im Sommer 2010 das B\u00fcro KM Architekten aus Ahnatal bei Kassel gewonnen.<\/p>\n<p>Vorgesehen ist ein Anbau an die Kirche, der auf 200 Quadratmetern barrierefrei und variabel zu nutzen ist. Die neuen R\u00e4umlichkeiten verf\u00fcgen sogar um gesellige R\u00e4ume, wie ein Caf\u00e9 und sollen k\u00fcnftig auch f\u00fcr private Feiern angemietet werden k\u00f6nnen. Ein Drittel der Baukosten von rund 400.000 Euro kann die Gemeinde aus eigenen R\u00fccklagen finanzieren. Hinzu kommen ein Darlehen in H\u00f6he von 160.000 Euro sowie 60.000 Euro als Beihilfe vom Kirchenkreis. Weitere 60.000 Euro m\u00fcssen durch Spenden aufgebracht werden. Aufgrund des strikten Sparkurses kann die Landeskirche das Bauvorhaben finanziell nicht nennenswert unterst\u00fctzen. Mit dem Bau soll Mitte 2011 begonnen werden.<\/p>\n<p>Ein Bauzeitungs-Newsletter informiert regelm\u00e4\u00dfig \u00fcber das aktuelle Geschehen. Weitere Informationen finden Sie auf der Homepage der Gemeinde unter <a href=\"www.kreuzkirche-fulda.de\">www.kreuzkirche-fulda.de<\/a><\/p>\n","protected":false},"excerpt":{"rendered":"<div class=\"tmnf_excerpt\"><p>Fulda. Mit einer Spendenaktion unterst\u00fctzt die Gro\u00dfb\u00e4ckerei Pappert aus Poppenhausen bei Fulda die Pl\u00e4ne f\u00fcr einen Erweiterungsbau der Evangelische Kreuzkirchengemeinde Fulda-Neuenberg. Dazu sind seit dem heutigen Freitag in rund 30 Filialen in Stadt und Landkreis Fulda Spendendosen der Kreuzkirche aufgestellt. \u201eWir freuen uns, die engagierte Kirchengemeinde unterst\u00fctzen zu k\u00f6nnen\u201c, sagte Manfred Kl\u00fcber, Gesch\u00e4ftsf\u00fchrer der Papperts &hellip;<\/p>\n<\/div>","protected":false},"author":1,"featured_media":0,"comment_status":"closed","ping_status":"closed","sticky":false,"template":"","format":"standard","meta":{"footnotes":""},"categories":[1,37,50],"tags":[],"class_list":["post-77333","post","type-post","status-publish","format-standard","hentry","category-startseite","category-essen-und-trinken","category-kirche"],"_links":{"self":[{"href":"https:\/\/www.fuldaernachrichten.de\/index.php?rest_route=\/wp\/v2\/posts\/77333","targetHints":{"allow":["GET"]}}],"collection":[{"href":"https:\/\/www.fuldaernachrichten.de\/index.php?rest_route=\/wp\/v2\/posts"}],"about":[{"href":"https:\/\/www.fuldaernachrichten.de\/index.php?rest_route=\/wp\/v2\/types\/post"}],"author":[{"embeddable":true,"href":"https:\/\/www.fuldaernachrichten.de\/index.php?rest_route=\/wp\/v2\/users\/1"}],"replies":[{"embeddable":true,"href":"https:\/\/www.fuldaernachrichten.de\/index.php?rest_route=%2Fwp%2Fv2%2Fcomments&post=77333"}],"version-history":[{"count":1,"href":"https:\/\/www.fuldaernachrichten.de\/index.php?rest_route=\/wp\/v2\/posts\/77333\/revisions"}],"predecessor-version":[{"id":77335,"href":"https:\/\/www.fuldaernachrichten.de\/index.php?rest_route=\/wp\/v2\/posts\/77333\/revisions\/77335"}],"wp:attachment":[{"href":"https:\/\/www.fuldaernachrichten.de\/index.php?rest_route=%2Fwp%2Fv2%2Fmedia&parent=77333"}],"wp:term":[{"taxonomy":"category","embeddable":true,"href":"https:\/\/www.fuldaernachrichten.de\/index.php?rest_route=%2Fwp%2Fv2%2Fcategories&post=77333"},{"taxonomy":"post_tag","embeddable":true,"href":"https:\/\/www.fuldaernachrichten.de\/index.php?rest_route=%2Fwp%2Fv2%2Ftags&post=77333"}],"curies":[{"name":"wp","href":"https:\/\/api.w.org\/{rel}","templated":true}]}}