{"id":7732,"date":"2008-02-06T00:40:07","date_gmt":"2008-02-05T23:40:07","guid":{"rendered":"http:\/\/www.schoene-nachrichten.de\/?p=7732"},"modified":"2008-02-05T20:39:17","modified_gmt":"2008-02-05T19:39:17","slug":"dagmar-dreggers-erinnerungen-an-ihren-ehemann","status":"publish","type":"post","link":"https:\/\/www.fuldaernachrichten.de\/?p=7732","title":{"rendered":"Dagmar Dreggers Erinnerungen an ihren Ehemann"},"content":{"rendered":"<p><strong><a rel=\"lightbox[roadtrip]\" target=\"_blank\" href=\"http:\/\/www.schoene-nachrichten.de\/wp-content\/uploads\/2008\/02\/080206_dregger.jpg\" title=\"080206_dregger.jpg\"><img decoding=\"async\" align=\"left\" src=\"http:\/\/www.schoene-nachrichten.de\/wp-content\/uploads\/2008\/02\/080206_dregger.thumbnail.jpg\" hspace=\"5\" alt=\"080206_dregger.jpg\" \/><\/a>Fulda.<\/strong> Vieles im Wohnhaus von Alfred Dregger erinnert noch heute an den bedeutenden Kommunal-, Landes- und Bundespolitiker. Sein Arbeitszimmer mit dem gro\u00dfen Schreibtisch und dem wuchtigen Kamin ist nahezu unver\u00e4ndert. Auf einem Board vor seinem Lieblingsbild, das eine Ansicht seiner westf\u00e4lischen Heimat zeigt, findet sich ein gerahmtes Portr\u00e4tfoto des fr\u00fcheren Fuldaer Oberb\u00fcrgermeisters und Ehrenb\u00fcrgers der Stadt.<!--more--><\/p>\n<p>Passender h\u00e4tte der Rahmen nicht sein k\u00f6nnen, in dem OB Gerhard M\u00f6ller als einer der Amtsnachfolger Dreggers, gemeinsam mit einem anderen Nachfolger Dr. Dreggers, dem Fuldaer Wahlkreisabgeordneten Michael Brand, und Magistratspressesprecher Michael Schwab den aktuellsten Band der st\u00e4dtischen Dokumentation mit dem Titel \u201eAlfred Dregger f\u00fcr Fulda und Deutschland \u2013 Stationen eines charismatischen Politikers\u201c an die Witwe von Dr. Dregger, Dagmar Dregger, \u00fcberreichte.<\/p>\n<p>Das Werk sei \u201ewie ein guter Wein gereift\u201c, sagte M\u00f6ller, der f\u00fcr besonderen Einsatz zur Realisierung des Buches vor allem Michael Brand MdB und Michael Schwab dankte. Facettenreich und mit vielen bisher unbekannten Details zeichne der 26. Band der \u201eDokumentationen zur Stadtgeschichte\u201c Leben und Wirken Alfred Dreggers nach.<\/p>\n<p>Dagmar Dregger freute sich sehr \u00fcber das Buch und bezeichnete es als \u201esehr gut, sehr treffend und sehr lebendig\u201c geschrieben. Die Kernpunkte, f\u00fcr die ihr Ehemann als Politiker gestanden habe, seien pr\u00e4zise dargestellt. Besonders zutreffend habe sie unter anderem den Beitrag der Pr\u00e4sidentin des Bundes der Vertriebenen, Erika Steinbach, empfunden, der Alfred Dreggers Position in der Vertriebenenfrage klar umrissen habe.<\/p>\n<p>Die Buch\u00fcbergabe an Dagmar Dregger entwickelte sich f\u00fcr ihre G\u00e4ste zugleich zu einer kleinen Reise durch die Kommunal-, Landes- und Bundespolitik. Dabei berichtete die Ehefrau des fr\u00fcheren Fuldaer Oberb\u00fcrgermeisters auch \u00fcber sehr fr\u00fche Stationen des Lebens von Alfred Dregger, wie zum Beispiel dramatische Entwicklungen in den letzten Kriegstagen.<\/p>\n<p>Der damalige Hauptmann Dregger habe immer gro\u00dfes Gottvertrauen gehabt, und wie durch ein Wunder sei er nach einer Schussverletzung am Bein in allerletzter Minute auf einer Br\u00fccke im tschechischen Melnik von einem Rotkreuz-Fahrzeug vor der anr\u00fcckenden Roten Armee gerettet worden. Kameraden halfen sp\u00e4ter dem verletzten und gehbehinderten Offizier schlie\u00dflich im th\u00fcringischen Lazarett, mit einem Leiterwagen nach Westen zu fliehen.<\/p>\n<p>Wer mehr \u00fcber die ungew\u00f6hnlich erfolgreiche politische Laufbahn des ehemaligen Fuldaer OB und sp\u00e4teren Vorsitzenden der gr\u00f6\u00dften Regierungsfraktion im Deutschen Bundestag erfahren oder nachschlagen will, der wird in Band 26 aus der Reihe \u201eDokumentationen zur Stadtgeschichte\u201c vieles an bekannten und bislang unbekannten Fakten finden. Das Buch (160 Seiten und 114 Abbildungen) ist zum Preis von 19,95 Euro \u00fcberall im Buchhandel erh\u00e4ltlich. (mb)<\/p>\n","protected":false},"excerpt":{"rendered":"<div class=\"tmnf_excerpt\"><p>Fulda. Vieles im Wohnhaus von Alfred Dregger erinnert noch heute an den bedeutenden Kommunal-, Landes- und Bundespolitiker. Sein Arbeitszimmer mit dem gro\u00dfen Schreibtisch und dem wuchtigen Kamin ist nahezu unver\u00e4ndert. Auf einem Board vor seinem Lieblingsbild, das eine Ansicht seiner westf\u00e4lischen Heimat zeigt, findet sich ein gerahmtes Portr\u00e4tfoto des fr\u00fcheren Fuldaer Oberb\u00fcrgermeisters und Ehrenb\u00fcrgers der &hellip;<\/p>\n<\/div>","protected":false},"author":1,"featured_media":0,"comment_status":"closed","ping_status":"closed","sticky":false,"template":"","format":"standard","meta":{"footnotes":""},"categories":[1,29],"tags":[],"class_list":["post-7732","post","type-post","status-publish","format-standard","hentry","category-startseite","category-politik"],"_links":{"self":[{"href":"https:\/\/www.fuldaernachrichten.de\/index.php?rest_route=\/wp\/v2\/posts\/7732","targetHints":{"allow":["GET"]}}],"collection":[{"href":"https:\/\/www.fuldaernachrichten.de\/index.php?rest_route=\/wp\/v2\/posts"}],"about":[{"href":"https:\/\/www.fuldaernachrichten.de\/index.php?rest_route=\/wp\/v2\/types\/post"}],"author":[{"embeddable":true,"href":"https:\/\/www.fuldaernachrichten.de\/index.php?rest_route=\/wp\/v2\/users\/1"}],"replies":[{"embeddable":true,"href":"https:\/\/www.fuldaernachrichten.de\/index.php?rest_route=%2Fwp%2Fv2%2Fcomments&post=7732"}],"version-history":[{"count":0,"href":"https:\/\/www.fuldaernachrichten.de\/index.php?rest_route=\/wp\/v2\/posts\/7732\/revisions"}],"wp:attachment":[{"href":"https:\/\/www.fuldaernachrichten.de\/index.php?rest_route=%2Fwp%2Fv2%2Fmedia&parent=7732"}],"wp:term":[{"taxonomy":"category","embeddable":true,"href":"https:\/\/www.fuldaernachrichten.de\/index.php?rest_route=%2Fwp%2Fv2%2Fcategories&post=7732"},{"taxonomy":"post_tag","embeddable":true,"href":"https:\/\/www.fuldaernachrichten.de\/index.php?rest_route=%2Fwp%2Fv2%2Ftags&post=7732"}],"curies":[{"name":"wp","href":"https:\/\/api.w.org\/{rel}","templated":true}]}}