{"id":77307,"date":"2010-11-29T00:15:42","date_gmt":"2010-11-28T23:15:42","guid":{"rendered":"http:\/\/www.fuldaer-nachrichten.de\/?p=77307"},"modified":"2010-11-29T08:49:58","modified_gmt":"2010-11-29T07:49:58","slug":"fortbildung-fuer-ehrenamtliche-kirchliche-mitarbeiter-2","status":"publish","type":"post","link":"https:\/\/www.fuldaernachrichten.de\/?p=77307","title":{"rendered":"Fortbildung f\u00fcr ehrenamtliche kirchliche Mitarbeiter"},"content":{"rendered":"<p><strong>Fulda\/Hanau\/Marburg\/Kassel<\/strong>. Im Jahr des Ehrenamts bot das Bistum Fulda eine Fortbildungsveranstaltung f\u00fcr ehrenamtliche kirchliche Mitarbeiter im Kloster Frauenberg an, in der Reihe &#8220;Wir sind gesandt! Bausteine einer missionarischen Pastoral&#8221;. Thematisch nahmen die Verantwortlichen, Dechant Markus G\u00fcnther, Di\u00f6zesanbeauftragter f\u00fcr den Erwachsenenkatechumenat und  Thomas Bretz, Referent f\u00fcr Neuevangelisierung im Seelsorgeamt des Bisch\u00f6flichen Generalvikariats, die Themen \u201eGlaubenskurse\u201c und den \u201eErwachsenenkatechumenat\u201c in den Blick.<\/p>\n<p><a href=\"http:\/\/www.fuldaer-nachrichten.de\/wp-content\/uploads\/2010\/11\/101126_Fortbildung1.jpg\"><img fetchpriority=\"high\" decoding=\"async\" class=\"alignnone size-medium wp-image-77311\" title=\"101126_Fortbildung1\" src=\"http:\/\/www.fuldaer-nachrichten.de\/wp-content\/uploads\/2010\/11\/101126_Fortbildung1-265x198.jpg\" alt=\"\" width=\"265\" height=\"198\" srcset=\"https:\/\/www.fuldaernachrichten.de\/wp-content\/uploads\/2010\/11\/101126_Fortbildung1-265x198.jpg 265w, https:\/\/www.fuldaernachrichten.de\/wp-content\/uploads\/2010\/11\/101126_Fortbildung1.jpg 600w\" sizes=\"(max-width: 265px) 100vw, 265px\" \/><\/a> <a href=\"http:\/\/www.fuldaer-nachrichten.de\/wp-content\/uploads\/2010\/11\/101126_Fortbildung2.jpg\"><img decoding=\"async\" class=\"alignnone size-medium wp-image-77312\" title=\"101126_Fortbildung2\" src=\"http:\/\/www.fuldaer-nachrichten.de\/wp-content\/uploads\/2010\/11\/101126_Fortbildung2-265x198.jpg\" alt=\"\" width=\"265\" height=\"198\" srcset=\"https:\/\/www.fuldaernachrichten.de\/wp-content\/uploads\/2010\/11\/101126_Fortbildung2-265x198.jpg 265w, https:\/\/www.fuldaernachrichten.de\/wp-content\/uploads\/2010\/11\/101126_Fortbildung2.jpg 600w\" sizes=\"(max-width: 265px) 100vw, 265px\" \/><\/a><!--more-->Ein Mitarbeiter-Team von Ehrenamtlichen haben dabei Inhalte wie: \u201eMein Platz als Laie in der Glaubensverk\u00fcndigung\u201c, \u201eWie moderiere ich eine Kurs-Kleingruppe?\u201c, \u201eMusikalische Gestaltung von Kursabenden\u201c etc. mit Praxiserfahrungen aus ihren Pfarreien vorgestellt. \u201eEs tat gut, so interessierten und nachfragenden Gl\u00e4ubigen von den Glaubenskurserfahrungen in unserem Pastoralverbund zu berichten und von Beispielen aus anderen Verb\u00fcnden ermutigt zu werden\u201c, meinte Sabine Breidung aus Weyhers. Beim Seminartag nahmen 30 Teilnehmer aus 10 Pastoralverb\u00fcnden teil. \u201eDer Erfahrungsaustausch, eine Einf\u00fchrung in die Vielfalt von Kursmodellen und eine pers\u00f6nliche Glaubensst\u00e4rkung haben mir an diesem Tag besonders gut gefallen \u2013 wir m\u00f6chten uns mit einem Kursangebot auf den Weg machen\u201c berichtete ein Teilnehmer im Auswertegespr\u00e4ch. Die Fortbildungsreihe wird im n\u00e4chsten Jahr fortgesetzt.<\/p>\n<p>Weitere Informationen erteilen Thomas Bretz, Seelsorgeamt im Bisch\u00f6flichen Generalvikariat Fulda, Paulustor 5, 36037 Fulda, E-Mail: <a href=\"mailto:thomas.bretz@bistum-fulda.de\">thomas.bretz@bistum-fulda.de<\/a>, Tel. 0661\/87-364 und Dechant Markus G\u00fcnther, Di\u00f6zesanbeauftragter f\u00fcr den Erwachsenenkatechumenat Tel. 06648\/7461, E-Mail: <a href=\"mailto:mcguenther@onlinehome.de\">mcguenther@onlinehome.de<\/a>.<\/p>\n","protected":false},"excerpt":{"rendered":"<div class=\"tmnf_excerpt\"><p>Fulda\/Hanau\/Marburg\/Kassel. Im Jahr des Ehrenamts bot das Bistum Fulda eine Fortbildungsveranstaltung f\u00fcr ehrenamtliche kirchliche Mitarbeiter im Kloster Frauenberg an, in der Reihe &#8220;Wir sind gesandt! Bausteine einer missionarischen Pastoral&#8221;. Thematisch nahmen die Verantwortlichen, Dechant Markus G\u00fcnther, Di\u00f6zesanbeauftragter f\u00fcr den Erwachsenenkatechumenat und Thomas Bretz, Referent f\u00fcr Neuevangelisierung im Seelsorgeamt des Bisch\u00f6flichen Generalvikariats, die Themen \u201eGlaubenskurse\u201c und &hellip;<\/p>\n<\/div>","protected":false},"author":1,"featured_media":0,"comment_status":"closed","ping_status":"closed","sticky":false,"template":"","format":"standard","meta":{"footnotes":""},"categories":[1,50],"tags":[],"class_list":["post-77307","post","type-post","status-publish","format-standard","hentry","category-startseite","category-kirche"],"_links":{"self":[{"href":"https:\/\/www.fuldaernachrichten.de\/index.php?rest_route=\/wp\/v2\/posts\/77307","targetHints":{"allow":["GET"]}}],"collection":[{"href":"https:\/\/www.fuldaernachrichten.de\/index.php?rest_route=\/wp\/v2\/posts"}],"about":[{"href":"https:\/\/www.fuldaernachrichten.de\/index.php?rest_route=\/wp\/v2\/types\/post"}],"author":[{"embeddable":true,"href":"https:\/\/www.fuldaernachrichten.de\/index.php?rest_route=\/wp\/v2\/users\/1"}],"replies":[{"embeddable":true,"href":"https:\/\/www.fuldaernachrichten.de\/index.php?rest_route=%2Fwp%2Fv2%2Fcomments&post=77307"}],"version-history":[{"count":7,"href":"https:\/\/www.fuldaernachrichten.de\/index.php?rest_route=\/wp\/v2\/posts\/77307\/revisions"}],"predecessor-version":[{"id":77387,"href":"https:\/\/www.fuldaernachrichten.de\/index.php?rest_route=\/wp\/v2\/posts\/77307\/revisions\/77387"}],"wp:attachment":[{"href":"https:\/\/www.fuldaernachrichten.de\/index.php?rest_route=%2Fwp%2Fv2%2Fmedia&parent=77307"}],"wp:term":[{"taxonomy":"category","embeddable":true,"href":"https:\/\/www.fuldaernachrichten.de\/index.php?rest_route=%2Fwp%2Fv2%2Fcategories&post=77307"},{"taxonomy":"post_tag","embeddable":true,"href":"https:\/\/www.fuldaernachrichten.de\/index.php?rest_route=%2Fwp%2Fv2%2Ftags&post=77307"}],"curies":[{"name":"wp","href":"https:\/\/api.w.org\/{rel}","templated":true}]}}