{"id":7730,"date":"2008-02-06T00:21:35","date_gmt":"2008-02-05T23:21:35","guid":{"rendered":"http:\/\/www.schoene-nachrichten.de\/?p=7730"},"modified":"2008-02-05T20:34:06","modified_gmt":"2008-02-05T19:34:06","slug":"geschaeftsfuehrung-des-personaldienstleisters-ed-work-komplettiert","status":"publish","type":"post","link":"https:\/\/www.fuldaernachrichten.de\/?p=7730","title":{"rendered":"Gesch\u00e4ftsf\u00fchrung des Personaldienstleisters ED WORK komplettiert"},"content":{"rendered":"<p><strong><a rel=\"lightbox[roadtrip]\" target=\"_blank\" href=\"http:\/\/www.schoene-nachrichten.de\/wp-content\/uploads\/2008\/02\/080206_edwork.jpg\" title=\"080206_edwork.jpg\"><img decoding=\"async\" align=\"left\" src=\"http:\/\/www.schoene-nachrichten.de\/wp-content\/uploads\/2008\/02\/080206_edwork.thumbnail.jpg\" hspace=\"5\" alt=\"080206_edwork.jpg\" \/><\/a>Fulda.<\/strong> Mit Wirkung zum 01.02.2008 erg\u00e4nzt Ralph Burkhardt die Gesch\u00e4ftsf\u00fchrung bei dem Personaldienstleister ED WORK GmbH &amp; Co. KG. Mit dem 37-j\u00e4hrigen Ralf Burkhardt komplettiert ein Branchenkenner die Gesch\u00e4ftsleitung der ED WORK. Wie Elmar Hoff, der als einer der Mitgestalter der Personaldiensleistungsbranche gilt,\u00c2\u00a0 als Gesch\u00e4ftsf\u00fchrer &amp;\u00c2\u00a0 CEO und Thomas Stratmann, der zuletzt als Gebietsleiter und Prokurist f\u00fcr Adecco Deutschland t\u00e4tig war, blickt Burkhardt auf eine langj\u00e4hrige Erfahrung in der Branche zur\u00fcck.<!--more--><\/p>\n<p>1997 begann er seine Karriere als Niederlassungsleiter bei Olsten Personalservice,\u00c2\u00a0 einem bundesweit operierenden Personaldienstleistungsunternehmen. Nach der Firmen\u00fcbernahme durch Adecco folgten weitere Stationen als Regionalleiter, National Account Manager und Gesch\u00e4ftf\u00fchrer. F\u00fcr\u00c2\u00a0 ED WORK wird Herr Burkhardt gemeinsam mit Gesch\u00e4ftsf\u00fchrer Thomas Stratmann die Leitung des operativen Gesch\u00e4fts \u00fcbernehmen und als Schwerpunkt f\u00fcr die Vertriebsstrategie und f\u00fcr das Key-Account-Management verantwortlich zeichnen.<\/p>\n<p>Thomas Stratmann, der bereits zum 1. August 2007 als Gesch\u00e4ftsf\u00fchrer bei ED WORK eintrat,\u00c2\u00a0 wird als Schwerpunkt das Expansionsmanagement und den weiteren Auf- und Ausbau des Niederlassungs-Netzwerkes des im Mai 2007 operativ gestarteten Tochterunternehmens der EDAG-Gruppe \u00fcbernehmen. Auch Herr Stratmann verf\u00fcgt \u00fcber langj\u00e4hrige Erfahrung in der Personaldienstleistungs-Branche.<\/p>\n<p>Des Weiteren ist Herr Dr. Udo H\u00fcls \u2013 als Repr\u00e4sentant des Mehrheits-Gesellschafters\u00c2\u00a0\u00c2\u00a0\u00c2\u00a0\u00c2\u00a0 EDAG \u2013 in der Gesch\u00e4ftsf\u00fchrung der ED WORK vertreten. Dr. H\u00fcls ist Mitglied der Gesch\u00e4ftsleitung der EDAG GmbH &amp; Co. KGaA und verantwortet das Konzern-Personalwesen der EDAG Gruppe.<\/p>\n<p>\u201eMit der Komplettierung der Gesch\u00e4ftsf\u00fchrung haben wir einen weiteren Meilenstein f\u00fcr ED WORK erreicht\u201c, res\u00fcmiert CEO Elmar Hoff und zieht eine positive Bilanz f\u00fcr das Gr\u00fcndungsjahr des Personaldienstleisters ED WORK. \u201eDie ersten neun Monate haben alle unsere Erwartungen \u00fcbertroffen. Der Markt hat unser Konzept in erster Linie Arbeitskr\u00e4fte im Hochtechnologie- und Engineering-Bereich zu vermitteln und zu \u00fcberlassen, voll honoriert.\u00c2\u00a0 Wir konnten deutlich schneller wachsen als geplant\u201c.<\/p>\n<p>Bereits mehr als 500 Service-Mitarbeiter sind bei ED WORK heute nach eigenen Angaben unter Vertrag; eine beachtliche Zahl vor dem Hintergrund, dass qualifizierte Mitarbeiter \/-innen im High-Tech-Segment zur Zeit in Deutschland stark umworben werden. Um die Vermittlung und \u00dcberlassung in die Kunden-Unternehmen zu gew\u00e4hrleisten sind deutschlandweit inzwischen bereits 22 Niederlassungen mit insgesamt 75 Mitarbeiterinnen und Mitarbeiter vor Ort in den Filialen und in der ED WORK Zentrale in Fulda entstanden. Die Zentrale ist in Fulda am Hauptsitz des Mutterkonzerns EDAG untergebracht. Allein in der Domstadt arbeiten derzeit f\u00fcr den Personaldienstleiter mehr als 70 Service-Mitarbeiterinnen und \u2013Mitarbeiter.<\/p>\n<p><strong>ED WORK legt guten Start hin<\/strong><\/p>\n<p>\u201eWir hatten eigentlich 12 bis 14 Niederlassungen f\u00fcr das Gr\u00fcndungsjahr 2007 geplant\u201c, erkl\u00e4rt Hoff. \u201eDoch die Resonanz auf unser Angebot hat uns alle \u00fcberrascht und wir mussten bzw. konnten weiter expandieren. Unsere Konzeption ist bislang voll aufgegangen\u201c, freut er sich. Im Rahmen der Neuausrichtung der EDAG-Gruppe sollte eine neue S\u00e4ule Personaldienstleistungen entstehen, erkl\u00e4rte Dr. Klaus Blickle, EDAG Gesch\u00e4ftsf\u00fchrer\/CEO. Denn hoch qualifizierte Ingenieure, Techniker, Maschinen- und Anlagenbauer w\u00fcrden nur von wenigen Anbietern im Personaldienstleistungsbereich professionell angeboten und von potenziellen Kunden immer st\u00e4rker nachgefragt, waren sich Dr. Blickle und Elmar Hoff einig.<\/p>\n<p>Auch f\u00fcr die Zukunft stehen die Zeichen auf Wachstum. Der Branchenkenner Hoff hat eine solide, langfristige Planung f\u00fcr die Gesch\u00e4ftsentwicklung der n\u00e4chsten sechs Jahre aufgestellt: Bis zum Jahr 2014 sollen 50 Niederlassungen etabliert sein und 3000 Mitarbeiter besch\u00e4ftigt werden, lautet das ambitionierte Ziel.<br \/>\n\u00c2\u00a0<br \/>\nDen geplanten Umsatz f\u00fcr 2014 beziffert er auf 80 bis 100 Millionen Euro. Bereits zum heutigen Zeitpunkt wurden acht weitere Niederlassungsteams formiert, die bis April 2008 im Bundesgebiet starten werden. Dar\u00fcber hinaus soll die Er\u00f6ffnung von sieben weiteren ED WORK Niederlassungen im ersten Halbjahr diesen Jahres folgen. Mit einem solchen Wachstum eines neu gegr\u00fcndeten Unternehmens im dynamischen Markt der Personaldienstleister setzt ED WORK neue Ma\u00dfst\u00e4be in Deutschland.<\/p>\n","protected":false},"excerpt":{"rendered":"<div class=\"tmnf_excerpt\"><p>Fulda. Mit Wirkung zum 01.02.2008 erg\u00e4nzt Ralph Burkhardt die Gesch\u00e4ftsf\u00fchrung bei dem Personaldienstleister ED WORK GmbH &amp; Co. KG. Mit dem 37-j\u00e4hrigen Ralf Burkhardt komplettiert ein Branchenkenner die Gesch\u00e4ftsleitung der ED WORK. Wie Elmar Hoff, der als einer der Mitgestalter der Personaldiensleistungsbranche gilt,\u00c2\u00a0 als Gesch\u00e4ftsf\u00fchrer &amp;\u00c2\u00a0 CEO und Thomas Stratmann, der zuletzt als Gebietsleiter und &hellip;<\/p>\n<\/div>","protected":false},"author":1,"featured_media":0,"comment_status":"closed","ping_status":"closed","sticky":false,"template":"","format":"standard","meta":{"footnotes":""},"categories":[1],"tags":[],"class_list":["post-7730","post","type-post","status-publish","format-standard","hentry","category-startseite"],"_links":{"self":[{"href":"https:\/\/www.fuldaernachrichten.de\/index.php?rest_route=\/wp\/v2\/posts\/7730","targetHints":{"allow":["GET"]}}],"collection":[{"href":"https:\/\/www.fuldaernachrichten.de\/index.php?rest_route=\/wp\/v2\/posts"}],"about":[{"href":"https:\/\/www.fuldaernachrichten.de\/index.php?rest_route=\/wp\/v2\/types\/post"}],"author":[{"embeddable":true,"href":"https:\/\/www.fuldaernachrichten.de\/index.php?rest_route=\/wp\/v2\/users\/1"}],"replies":[{"embeddable":true,"href":"https:\/\/www.fuldaernachrichten.de\/index.php?rest_route=%2Fwp%2Fv2%2Fcomments&post=7730"}],"version-history":[{"count":0,"href":"https:\/\/www.fuldaernachrichten.de\/index.php?rest_route=\/wp\/v2\/posts\/7730\/revisions"}],"wp:attachment":[{"href":"https:\/\/www.fuldaernachrichten.de\/index.php?rest_route=%2Fwp%2Fv2%2Fmedia&parent=7730"}],"wp:term":[{"taxonomy":"category","embeddable":true,"href":"https:\/\/www.fuldaernachrichten.de\/index.php?rest_route=%2Fwp%2Fv2%2Fcategories&post=7730"},{"taxonomy":"post_tag","embeddable":true,"href":"https:\/\/www.fuldaernachrichten.de\/index.php?rest_route=%2Fwp%2Fv2%2Ftags&post=7730"}],"curies":[{"name":"wp","href":"https:\/\/api.w.org\/{rel}","templated":true}]}}