{"id":77234,"date":"2010-11-28T00:54:24","date_gmt":"2010-11-27T23:54:24","guid":{"rendered":"http:\/\/www.fuldaer-nachrichten.de\/?p=77234"},"modified":"2010-11-27T17:54:39","modified_gmt":"2010-11-27T16:54:39","slug":"pilotstudie-zur-medizinischen-versorgung-in-der-region","status":"publish","type":"post","link":"https:\/\/www.fuldaernachrichten.de\/?p=77234","title":{"rendered":"Pilotstudie zur medizinischen Versorgung in der Region"},"content":{"rendered":"<p><strong>Region\/Ebersburg.<\/strong> Die Sicherstellung der medizinischen Versorgung insbesondere im l\u00e4ndlichen Raum gewinnt vor dem Hintergrund der demografischen Entwicklung immer mehr an Bedeutung. Einer zunehmenden Zahl von \u00e4lteren Menschen, die verst\u00e4rkt Gesundheits- und Pflegeleistungen nachfragen, steht ein kleiner werdendes Potential von Personen gegen\u00fcber, die bereit und in der Lage sind, solche Leistungen zu erbringen.<!--more--><\/p>\n<p><strong>Behandlungs- und Versorgungskapazit\u00e4ten ableiten<\/strong><\/p>\n<p>Dieser Befund trifft auch auf den Landkreis Fulda zu, wie eine Untersuchung der Hochschule Fulda \u00fcber die haus\u00e4rztliche Versorgung im Oberen Fuldatal und im Ulstertal gezeigt hat, deren Ergebnisse vor wenigen Wochen in der Gemeinde Ebersburg vorstellt wurden. Es fehlen bislang jedoch verl\u00e4ssliche Daten \u00fcber die Gesamtsituation der medizinischen Versorgung in der Region, woraus sich m\u00f6gliche Entwicklungsperspektiven f\u00fcr die Sicherstellung ausreichender Behandlungs- und Versorgungskapazit\u00e4ten ableiten lassen.<\/p>\n<p>Der Fachbereich Pflege und Gesundheit der Hochschule Fulda wird deshalb eine Pilotstudie zur gesundheitlichen Versorgung im Landkreis Fulda durchf\u00fchren. Diese beinhaltet im ersten Teil eine Bestandsaufnahme der derzeitigen Versorgungssituation und soll im zweiten Teil Perspektiven insbesondere f\u00fcr kooperative Versorgungsformen in der Region an der Schnittstelle zwischen ambulanter und station\u00e4rer Versorgung aufzeigen. Das Forschungsprojekt wird vom Landkreis Fulda und der Sparkassen-Stiftung finanziert.<\/p>\n","protected":false},"excerpt":{"rendered":"<div class=\"tmnf_excerpt\"><p>Region\/Ebersburg. Die Sicherstellung der medizinischen Versorgung insbesondere im l\u00e4ndlichen Raum gewinnt vor dem Hintergrund der demografischen Entwicklung immer mehr an Bedeutung. Einer zunehmenden Zahl von \u00e4lteren Menschen, die verst\u00e4rkt Gesundheits- und Pflegeleistungen nachfragen, steht ein kleiner werdendes Potential von Personen gegen\u00fcber, die bereit und in der Lage sind, solche Leistungen zu erbringen.<\/p>\n<\/div>","protected":false},"author":1,"featured_media":0,"comment_status":"closed","ping_status":"closed","sticky":false,"template":"","format":"standard","meta":{"footnotes":""},"categories":[1,51,29],"tags":[],"class_list":["post-77234","post","type-post","status-publish","format-standard","hentry","category-startseite","category-medizin","category-politik"],"_links":{"self":[{"href":"https:\/\/www.fuldaernachrichten.de\/index.php?rest_route=\/wp\/v2\/posts\/77234","targetHints":{"allow":["GET"]}}],"collection":[{"href":"https:\/\/www.fuldaernachrichten.de\/index.php?rest_route=\/wp\/v2\/posts"}],"about":[{"href":"https:\/\/www.fuldaernachrichten.de\/index.php?rest_route=\/wp\/v2\/types\/post"}],"author":[{"embeddable":true,"href":"https:\/\/www.fuldaernachrichten.de\/index.php?rest_route=\/wp\/v2\/users\/1"}],"replies":[{"embeddable":true,"href":"https:\/\/www.fuldaernachrichten.de\/index.php?rest_route=%2Fwp%2Fv2%2Fcomments&post=77234"}],"version-history":[{"count":3,"href":"https:\/\/www.fuldaernachrichten.de\/index.php?rest_route=\/wp\/v2\/posts\/77234\/revisions"}],"predecessor-version":[{"id":77342,"href":"https:\/\/www.fuldaernachrichten.de\/index.php?rest_route=\/wp\/v2\/posts\/77234\/revisions\/77342"}],"wp:attachment":[{"href":"https:\/\/www.fuldaernachrichten.de\/index.php?rest_route=%2Fwp%2Fv2%2Fmedia&parent=77234"}],"wp:term":[{"taxonomy":"category","embeddable":true,"href":"https:\/\/www.fuldaernachrichten.de\/index.php?rest_route=%2Fwp%2Fv2%2Fcategories&post=77234"},{"taxonomy":"post_tag","embeddable":true,"href":"https:\/\/www.fuldaernachrichten.de\/index.php?rest_route=%2Fwp%2Fv2%2Ftags&post=77234"}],"curies":[{"name":"wp","href":"https:\/\/api.w.org\/{rel}","templated":true}]}}