{"id":77231,"date":"2010-11-29T00:58:13","date_gmt":"2010-11-28T23:58:13","guid":{"rendered":"http:\/\/www.fuldaer-nachrichten.de\/?p=77231"},"modified":"2010-11-29T08:59:03","modified_gmt":"2010-11-29T07:59:03","slug":"allen-kindern-chancen-geben","status":"publish","type":"post","link":"https:\/\/www.fuldaernachrichten.de\/?p=77231","title":{"rendered":"Allen Kindern Chancen geben"},"content":{"rendered":"<p><strong>Fulda. <\/strong>Unter dieser \u00dcberschrift lud die Arbeitsgemeinschaft der Familienorganisationen Hessen (AGF) in das Bonifatiushaus Fulda ein. Hubert Schulte, Landesvorsitzender des Familienbundes der Katholiken, begr\u00fc\u00dfte die 44 Teilnehmer aus den Bereichen Familie, p\u00e4dagogische Fachkr\u00e4fte und Verantwortliche in Politik, Kirche und Gesellschaft. <!--more--><\/p>\n<p>Besonders begr\u00fc\u00dfte er Pr\u00e4lat Hofmann, Leiter des Seelsorgeamtes im Bistum Fulda, Hauptreferentin Gerda Holz vom Institut f\u00fcr Sozialarbeit und Sozialp\u00e4dagogik in Frankfurt und Stadtrat Wolfgang Arnold, der f\u00fcr die Stadt Fulda ein Gru\u00dfwort sprach und deren Ma\u00dfnahmen f\u00fcr Kinder und Jugendliche benannte. Stefan Gr\u00fcttner, hessischer Sozialminister, hatte die Schirmherrschaft und lie\u00df ein Gru\u00dfwort verlesen, in dem er besonders auf die Lage von Kindern in Hessen einging, die von Armut betroffen sind. \u201eObwohl die meisten Heranwachsenden in Hessen in gesicherten Verh\u00e4ltnissen leben, wachsen nach wie vor noch viele Kinder und Jugendliche an der Armutsgrenze und darunter auf\u201c, so Gr\u00fcttner.<\/p>\n<p>Im mit Spannung erwarteten Vortrag von Gerda Holz machte sie als Ursache f\u00fcr Kinderarmut Erwerbslosigkeit der Eltern, Krankheit und Trennung aus. 18 Prozent der Eltern in Deutschland seien allein erziehend und das stelle das h\u00f6chste Armutsrisiko dar. Mehr als mit den Ursachen besch\u00e4ftigte sich Holz mit den Folgen von Armut. Fehlende finanzielle M\u00f6glichkeiten schm\u00e4lerten das Entwicklungspotential und st\u00f6rten das pers\u00f6nliche, schulische und auch berufliche Weiterkommen empfindlich. Als beispielhaft erw\u00e4hnte sie die Pr\u00e4ventionen der Stadt N\u00fcrnberg, die keine Sonderbehandlung f\u00fcr Kinder von Hartz IV Empf\u00e4ngern durchf\u00fchrten, sondern mit ganz konkreten Ma\u00dfnahmen (Seepferdchen) und Koalitionen (Sportvereine) alle Kinder gleicherma\u00dfen erreichen wollten.<\/p>\n<p>Das Mittagessen bestand aus einem Eintopf und im anschlie\u00dfenden \u201eWorld Caf\u00e9\u201c, das von Brigitta Leifert (EAF) angeleitet wurde, tauschten sich die Teilnehmer \u00fcber Kinderarmut aus an Hand der drei Fragen: Welche strukturellen Ideen haben wir? Was k\u00f6nnen wir pers\u00f6nlich tun? Womit m\u00f6chte ich n\u00e4chste Woche beginnen? Ein Schlusswort von Gerda Holz und die Verabschiedung von Hubert Schulte beendeten die Fachtagung.<\/p>\n","protected":false},"excerpt":{"rendered":"<div class=\"tmnf_excerpt\"><p>Fulda. Unter dieser \u00dcberschrift lud die Arbeitsgemeinschaft der Familienorganisationen Hessen (AGF) in das Bonifatiushaus Fulda ein. Hubert Schulte, Landesvorsitzender des Familienbundes der Katholiken, begr\u00fc\u00dfte die 44 Teilnehmer aus den Bereichen Familie, p\u00e4dagogische Fachkr\u00e4fte und Verantwortliche in Politik, Kirche und Gesellschaft.<\/p>\n<\/div>","protected":false},"author":1,"featured_media":0,"comment_status":"closed","ping_status":"closed","sticky":false,"template":"","format":"standard","meta":{"footnotes":""},"categories":[1,50],"tags":[],"class_list":["post-77231","post","type-post","status-publish","format-standard","hentry","category-startseite","category-kirche"],"_links":{"self":[{"href":"https:\/\/www.fuldaernachrichten.de\/index.php?rest_route=\/wp\/v2\/posts\/77231","targetHints":{"allow":["GET"]}}],"collection":[{"href":"https:\/\/www.fuldaernachrichten.de\/index.php?rest_route=\/wp\/v2\/posts"}],"about":[{"href":"https:\/\/www.fuldaernachrichten.de\/index.php?rest_route=\/wp\/v2\/types\/post"}],"author":[{"embeddable":true,"href":"https:\/\/www.fuldaernachrichten.de\/index.php?rest_route=\/wp\/v2\/users\/1"}],"replies":[{"embeddable":true,"href":"https:\/\/www.fuldaernachrichten.de\/index.php?rest_route=%2Fwp%2Fv2%2Fcomments&post=77231"}],"version-history":[{"count":3,"href":"https:\/\/www.fuldaernachrichten.de\/index.php?rest_route=\/wp\/v2\/posts\/77231\/revisions"}],"predecessor-version":[{"id":77404,"href":"https:\/\/www.fuldaernachrichten.de\/index.php?rest_route=\/wp\/v2\/posts\/77231\/revisions\/77404"}],"wp:attachment":[{"href":"https:\/\/www.fuldaernachrichten.de\/index.php?rest_route=%2Fwp%2Fv2%2Fmedia&parent=77231"}],"wp:term":[{"taxonomy":"category","embeddable":true,"href":"https:\/\/www.fuldaernachrichten.de\/index.php?rest_route=%2Fwp%2Fv2%2Fcategories&post=77231"},{"taxonomy":"post_tag","embeddable":true,"href":"https:\/\/www.fuldaernachrichten.de\/index.php?rest_route=%2Fwp%2Fv2%2Ftags&post=77231"}],"curies":[{"name":"wp","href":"https:\/\/api.w.org\/{rel}","templated":true}]}}