{"id":77229,"date":"2010-11-29T01:50:55","date_gmt":"2010-11-29T00:50:55","guid":{"rendered":"http:\/\/www.fuldaer-nachrichten.de\/?p=77229"},"modified":"2010-11-29T08:51:11","modified_gmt":"2010-11-29T07:51:11","slug":"offenes-kinderbetreuungsangebot-in-der-muetze","status":"publish","type":"post","link":"https:\/\/www.fuldaernachrichten.de\/?p=77229","title":{"rendered":"Offenes Kinderbetreuungsangebot in Der M\u00dcTZE"},"content":{"rendered":"<p><strong>Fulda. <\/strong>Im M\u00fctterzentrum \u201eDie M\u00dcTZE\u201c, Gallasiniring 8, in Fulda findet jeden Dienstagvormittag in der Zeit von 8.30 \u2013 12.30 Uhr und jeden Donnerstag Nachmittag von 15.00 \u2013 18.00 Uhr eine offene Kinderbetreuung \u2013ohne Anmeldung &#8211; f\u00fcr Kinder im Alter von 0 \u2013 6 Jahren als Familienentlastendes Angebot, alternativ zu den U3 Betreuungsangeboten statt. Die Kinder k\u00f6nnen zusammen mit anderen Kindern im Spielzimmer spielen, erste soziale Kontakte kn\u00fcpfen und werden von kompetenten Betreuerinnen in liebevoller Atmosph\u00e4re betreut. Die Betreuung findet ohne vorherige Anmeldung statt. Eine gute M\u00f6glichkeit, die Zeit ohne Kind f\u00fcr Arzttermine, zum vorweihnachtlichen Einkauf oder einfach f\u00fcr sich zu nutzen. Die Kinder k\u00f6nnen sich so an weitere Bezugspersonen gew\u00f6hnen und gleichzeitig haben sie eine gute Vorbereitung auf den sp\u00e4teren Besuch im Kindergarten. N\u00e4here Informationen gerne auch telefonisch unter der Telefon-Nr. 0661\/8050, Mo. \u2013 Fr. 9.00 \u2013 12.00 Uhr.<\/p>\n","protected":false},"excerpt":{"rendered":"<div class=\"tmnf_excerpt\"><p>Fulda. Im M\u00fctterzentrum \u201eDie M\u00dcTZE\u201c, Gallasiniring 8, in Fulda findet jeden Dienstagvormittag in der Zeit von 8.30 \u2013 12.30 Uhr und jeden Donnerstag Nachmittag von 15.00 \u2013 18.00 Uhr eine offene Kinderbetreuung \u2013ohne Anmeldung &#8211; f\u00fcr Kinder im Alter von 0 \u2013 6 Jahren als Familienentlastendes Angebot, alternativ zu den U3 Betreuungsangeboten statt. Die Kinder &hellip;<\/p>\n<\/div>","protected":false},"author":1,"featured_media":0,"comment_status":"closed","ping_status":"closed","sticky":false,"template":"","format":"standard","meta":{"footnotes":""},"categories":[1,72],"tags":[],"class_list":["post-77229","post","type-post","status-publish","format-standard","hentry","category-startseite","category-jugend"],"_links":{"self":[{"href":"https:\/\/www.fuldaernachrichten.de\/index.php?rest_route=\/wp\/v2\/posts\/77229","targetHints":{"allow":["GET"]}}],"collection":[{"href":"https:\/\/www.fuldaernachrichten.de\/index.php?rest_route=\/wp\/v2\/posts"}],"about":[{"href":"https:\/\/www.fuldaernachrichten.de\/index.php?rest_route=\/wp\/v2\/types\/post"}],"author":[{"embeddable":true,"href":"https:\/\/www.fuldaernachrichten.de\/index.php?rest_route=\/wp\/v2\/users\/1"}],"replies":[{"embeddable":true,"href":"https:\/\/www.fuldaernachrichten.de\/index.php?rest_route=%2Fwp%2Fv2%2Fcomments&post=77229"}],"version-history":[{"count":2,"href":"https:\/\/www.fuldaernachrichten.de\/index.php?rest_route=\/wp\/v2\/posts\/77229\/revisions"}],"predecessor-version":[{"id":77390,"href":"https:\/\/www.fuldaernachrichten.de\/index.php?rest_route=\/wp\/v2\/posts\/77229\/revisions\/77390"}],"wp:attachment":[{"href":"https:\/\/www.fuldaernachrichten.de\/index.php?rest_route=%2Fwp%2Fv2%2Fmedia&parent=77229"}],"wp:term":[{"taxonomy":"category","embeddable":true,"href":"https:\/\/www.fuldaernachrichten.de\/index.php?rest_route=%2Fwp%2Fv2%2Fcategories&post=77229"},{"taxonomy":"post_tag","embeddable":true,"href":"https:\/\/www.fuldaernachrichten.de\/index.php?rest_route=%2Fwp%2Fv2%2Ftags&post=77229"}],"curies":[{"name":"wp","href":"https:\/\/api.w.org\/{rel}","templated":true}]}}