{"id":77225,"date":"2010-11-29T02:51:18","date_gmt":"2010-11-29T01:51:18","guid":{"rendered":"http:\/\/www.fuldaer-nachrichten.de\/?p=77225"},"modified":"2010-11-29T08:51:43","modified_gmt":"2010-11-29T07:51:43","slug":"gesundheitsforum-der-chronische-schmerz-aus-psychosomatischer-sicht","status":"publish","type":"post","link":"https:\/\/www.fuldaernachrichten.de\/?p=77225","title":{"rendered":"Gesundheitsforum  &#8211; Der chronische Schmerz aus psychosomatischer Sicht"},"content":{"rendered":"<p><strong>Fulda<\/strong>. Im Rahmen der Gesundheitsforen veranstaltet die Klinik f\u00fcr Psychosomatik des Klinikums Fulda am Mittwoch 01.12.2010, von 17.00 bis 19.00 Uhr im H\u00f6rsaal eine Informationsveranstaltung zu dem Thema \u201eDer chronische Schmerz aus psychosomatischer Sicht\u201c.<!--more--><\/p>\n<p>Gro\u00df angelegten Untersuchungen zufolge leiden in Deutschland fast 20% der Menschen unter chronischen Schmerzen. Wie kein anderes Symptom beeinflusst chronischer Schmerz das Gesamtbefinden eines Menschen, und umgekehrt modulieren Affekte die Schmerzwahrnehmung in erheblichem Ma\u00dfe. Die Experten der Klinik f\u00fcr Psychosomatik (Direktorin Frau Dr. Anna-Maria Budczies) informieren im Rahmen der Veranstaltung \u00fcber Grundlagen der Schmerzphysiologie, Risikofaktoren einer Chronifizierung von Schmerzen und psychosomatische Behandlungsans\u00e4tze.<\/p>\n<p>W\u00e4hrend der Informationsveranstaltung besteht ausreichend die M\u00f6glichkeit, individuelle Fragen an die Experten zu stellen. Die Anzahl der Sitzpl\u00e4tze im H\u00f6rsaal ist begrenzt. Einlass ab 16.30 Uhr.<\/p>\n","protected":false},"excerpt":{"rendered":"<div class=\"tmnf_excerpt\"><p>Fulda. Im Rahmen der Gesundheitsforen veranstaltet die Klinik f\u00fcr Psychosomatik des Klinikums Fulda am Mittwoch 01.12.2010, von 17.00 bis 19.00 Uhr im H\u00f6rsaal eine Informationsveranstaltung zu dem Thema \u201eDer chronische Schmerz aus psychosomatischer Sicht\u201c.<\/p>\n<\/div>","protected":false},"author":1,"featured_media":0,"comment_status":"closed","ping_status":"closed","sticky":false,"template":"","format":"standard","meta":{"footnotes":""},"categories":[1,53,51,48],"tags":[],"class_list":["post-77225","post","type-post","status-publish","format-standard","hentry","category-startseite","category-bildung","category-medizin","category-forschung"],"_links":{"self":[{"href":"https:\/\/www.fuldaernachrichten.de\/index.php?rest_route=\/wp\/v2\/posts\/77225","targetHints":{"allow":["GET"]}}],"collection":[{"href":"https:\/\/www.fuldaernachrichten.de\/index.php?rest_route=\/wp\/v2\/posts"}],"about":[{"href":"https:\/\/www.fuldaernachrichten.de\/index.php?rest_route=\/wp\/v2\/types\/post"}],"author":[{"embeddable":true,"href":"https:\/\/www.fuldaernachrichten.de\/index.php?rest_route=\/wp\/v2\/users\/1"}],"replies":[{"embeddable":true,"href":"https:\/\/www.fuldaernachrichten.de\/index.php?rest_route=%2Fwp%2Fv2%2Fcomments&post=77225"}],"version-history":[{"count":2,"href":"https:\/\/www.fuldaernachrichten.de\/index.php?rest_route=\/wp\/v2\/posts\/77225\/revisions"}],"predecessor-version":[{"id":77391,"href":"https:\/\/www.fuldaernachrichten.de\/index.php?rest_route=\/wp\/v2\/posts\/77225\/revisions\/77391"}],"wp:attachment":[{"href":"https:\/\/www.fuldaernachrichten.de\/index.php?rest_route=%2Fwp%2Fv2%2Fmedia&parent=77225"}],"wp:term":[{"taxonomy":"category","embeddable":true,"href":"https:\/\/www.fuldaernachrichten.de\/index.php?rest_route=%2Fwp%2Fv2%2Fcategories&post=77225"},{"taxonomy":"post_tag","embeddable":true,"href":"https:\/\/www.fuldaernachrichten.de\/index.php?rest_route=%2Fwp%2Fv2%2Ftags&post=77225"}],"curies":[{"name":"wp","href":"https:\/\/api.w.org\/{rel}","templated":true}]}}