{"id":77206,"date":"2010-11-30T00:20:01","date_gmt":"2010-11-29T23:20:01","guid":{"rendered":"http:\/\/www.fuldaer-nachrichten.de\/?p=77206"},"modified":"2010-11-30T09:20:29","modified_gmt":"2010-11-30T08:20:29","slug":"beratung-bei-sprachproblemen-sprechstunde-in-lauterbach-und-alsfeld","status":"publish","type":"post","link":"https:\/\/www.fuldaernachrichten.de\/?p=77206","title":{"rendered":"Beratung bei Sprachproblemen &#8211; Sprechstunde in Lauterbach und Alsfeld"},"content":{"rendered":"<p><strong>Vogelsbergkreis. <\/strong>Der Sprachheilbeauftragte Hans-Joachim Eisentr\u00e4ger h\u00e4lt am Freitag, 3. Dezember, im Gesundheitsamt Lauterbach, Gartenstra\u00dfe 27, in der Zeit von 9 bis 12 Uhr und in Alsfeld im Landratsamtsgeb\u00e4ude in der Hersfelder Stra\u00dfe 53 in der Zeit von 13 bis 14 Uhr Sprechstunden ab. Eltern sprachauff\u00e4lliger Kinder k\u00f6nnen sich hier kostenlos und fachkundig beraten lassen und sich \u00fcber eventuell weitere zu veranlassende Ma\u00dfnahmen informieren. Im Lauterbacher Gesundheitsamt besteht w\u00e4hrend der Beratungszeit au\u00dferdem die M\u00f6glichkeit einer H\u00f6r\u00fcberpr\u00fcfung. Um telefonische Anmeldung \u00fcber das Gesundheitsamt des Vogelsbergkreises (06641\/ 977-183 oder 977-191) wird gebeten.<\/p>\n","protected":false},"excerpt":{"rendered":"<div class=\"tmnf_excerpt\"><p>Vogelsbergkreis. Der Sprachheilbeauftragte Hans-Joachim Eisentr\u00e4ger h\u00e4lt am Freitag, 3. Dezember, im Gesundheitsamt Lauterbach, Gartenstra\u00dfe 27, in der Zeit von 9 bis 12 Uhr und in Alsfeld im Landratsamtsgeb\u00e4ude in der Hersfelder Stra\u00dfe 53 in der Zeit von 13 bis 14 Uhr Sprechstunden ab. Eltern sprachauff\u00e4lliger Kinder k\u00f6nnen sich hier kostenlos und fachkundig beraten lassen und &hellip;<\/p>\n<\/div>","protected":false},"author":1,"featured_media":0,"comment_status":"closed","ping_status":"closed","sticky":false,"template":"","format":"standard","meta":{"footnotes":""},"categories":[1,53,51,72],"tags":[],"class_list":["post-77206","post","type-post","status-publish","format-standard","hentry","category-startseite","category-bildung","category-medizin","category-jugend"],"_links":{"self":[{"href":"https:\/\/www.fuldaernachrichten.de\/index.php?rest_route=\/wp\/v2\/posts\/77206","targetHints":{"allow":["GET"]}}],"collection":[{"href":"https:\/\/www.fuldaernachrichten.de\/index.php?rest_route=\/wp\/v2\/posts"}],"about":[{"href":"https:\/\/www.fuldaernachrichten.de\/index.php?rest_route=\/wp\/v2\/types\/post"}],"author":[{"embeddable":true,"href":"https:\/\/www.fuldaernachrichten.de\/index.php?rest_route=\/wp\/v2\/users\/1"}],"replies":[{"embeddable":true,"href":"https:\/\/www.fuldaernachrichten.de\/index.php?rest_route=%2Fwp%2Fv2%2Fcomments&post=77206"}],"version-history":[{"count":1,"href":"https:\/\/www.fuldaernachrichten.de\/index.php?rest_route=\/wp\/v2\/posts\/77206\/revisions"}],"predecessor-version":[{"id":77538,"href":"https:\/\/www.fuldaernachrichten.de\/index.php?rest_route=\/wp\/v2\/posts\/77206\/revisions\/77538"}],"wp:attachment":[{"href":"https:\/\/www.fuldaernachrichten.de\/index.php?rest_route=%2Fwp%2Fv2%2Fmedia&parent=77206"}],"wp:term":[{"taxonomy":"category","embeddable":true,"href":"https:\/\/www.fuldaernachrichten.de\/index.php?rest_route=%2Fwp%2Fv2%2Fcategories&post=77206"},{"taxonomy":"post_tag","embeddable":true,"href":"https:\/\/www.fuldaernachrichten.de\/index.php?rest_route=%2Fwp%2Fv2%2Ftags&post=77206"}],"curies":[{"name":"wp","href":"https:\/\/api.w.org\/{rel}","templated":true}]}}