{"id":77197,"date":"2010-11-29T00:55:54","date_gmt":"2010-11-28T23:55:54","guid":{"rendered":"http:\/\/www.fuldaer-nachrichten.de\/?p=77197"},"modified":"2010-11-29T08:56:03","modified_gmt":"2010-11-29T07:56:03","slug":"zensus-2011-die-kreisverwaltung-ist-die-offizielle-erhebungsstelle","status":"publish","type":"post","link":"https:\/\/www.fuldaernachrichten.de\/?p=77197","title":{"rendered":"Zensus 2011: Die Kreisverwaltung ist die offizielle Erhebungsstelle"},"content":{"rendered":"<p><strong>Vogelsbergkreis. <\/strong>Im Jahr 2011 findet in Deutschland und anderen Staaten der EU ein registergest\u00fctzter Zensus einschlie\u00dflich einer Geb\u00e4ude- und Wohnungsz\u00e4hlung zum Stichtag 9. Mai 2011 statt. Der anstehende Zensus setzt die Tradition der fr\u00fcheren Volksz\u00e4hlungen fort. Allerdings handelt es sich nicht mehr um eine Befragung aller Einwohner wie 1987, sondern die neue statistische Erhebungsmethode ben\u00f6tigt nur noch eine teilweise Datenerhebung in ausgew\u00e4hlten Bereichen. Der Zensus 2011 ist eine registergest\u00fctzte Auswertung, die durch Ergebnisse direkter Befragungen erg\u00e4nzt wird. Die offizielle Erhebungsstelle befindet sich in der Lauterbacher Kreisverwaltung und ist ins Hauptamt eingegliedert, teilt die Pressestelle mit.<!--more--><strong><br \/>\nVon Mai bis August wird es stichprobenartige Haushaltsbefragungen geben<\/strong><\/p>\n<p>Im Rahmen des Zensus erfolgen verschiedene Befragungen. Ein Teil der Befragungen werden direkt durch das Hessische Statistische Landesamt (HSI) durchgef\u00fchrt. Darunter f\u00e4llt die Befragung von Geb\u00e4ude- und Wohnungseigent\u00fcmern. Hierzu f\u00fchrt das HSI bereits seit Anfang November eine Vorbefragung durch. F\u00fcr die Organisation und Durchf\u00fchrung des anderen Teils der Befragungen sind die hessischen Landkreise verpflichtet, wozu jeder Landkreis in Hessen eine \u00f6rtliche Erhebungsstelle einzurichten hat. Hierbei handelt es sich um stichprobenartige Haushaltsbefragungen und Befragungen von Gemeinschaftsunterk\u00fcnften, die vom 9. Mai bis 2. August 2011 stattfinden.<\/p>\n<p>Detaillierte Informationen zum Zensus 2011 k\u00f6nnen unter <a href=\"http:\/\/www.zensus2011.de\" target=\"_blank\">www.zensus2011.de<\/a> abgerufen werden. Bei Fragen bez\u00fcglich des Zensus 2011 k\u00f6nnen sich die B\u00fcrgerinnen und B\u00fcrger gerne an die Erhebungsstelle des Vogelsbergkreises wenden:<\/p>\n<p><strong>Erhebungsstelle des Vogelsbergkreises<\/strong><br \/>\nGoldhelg 20<br \/>\n36341 Lauterbach<br \/>\nE-Mail: zensus2011@vogelsbergkreis.de<br \/>\nTelefon: 06641\/977-375<\/p>\n","protected":false},"excerpt":{"rendered":"<div class=\"tmnf_excerpt\"><p>Vogelsbergkreis. Im Jahr 2011 findet in Deutschland und anderen Staaten der EU ein registergest\u00fctzter Zensus einschlie\u00dflich einer Geb\u00e4ude- und Wohnungsz\u00e4hlung zum Stichtag 9. Mai 2011 statt. Der anstehende Zensus setzt die Tradition der fr\u00fcheren Volksz\u00e4hlungen fort. Allerdings handelt es sich nicht mehr um eine Befragung aller Einwohner wie 1987, sondern die neue statistische Erhebungsmethode ben\u00f6tigt &hellip;<\/p>\n<\/div>","protected":false},"author":1,"featured_media":0,"comment_status":"closed","ping_status":"closed","sticky":false,"template":"","format":"standard","meta":{"footnotes":""},"categories":[1,29],"tags":[],"class_list":["post-77197","post","type-post","status-publish","format-standard","hentry","category-startseite","category-politik"],"_links":{"self":[{"href":"https:\/\/www.fuldaernachrichten.de\/index.php?rest_route=\/wp\/v2\/posts\/77197","targetHints":{"allow":["GET"]}}],"collection":[{"href":"https:\/\/www.fuldaernachrichten.de\/index.php?rest_route=\/wp\/v2\/posts"}],"about":[{"href":"https:\/\/www.fuldaernachrichten.de\/index.php?rest_route=\/wp\/v2\/types\/post"}],"author":[{"embeddable":true,"href":"https:\/\/www.fuldaernachrichten.de\/index.php?rest_route=\/wp\/v2\/users\/1"}],"replies":[{"embeddable":true,"href":"https:\/\/www.fuldaernachrichten.de\/index.php?rest_route=%2Fwp%2Fv2%2Fcomments&post=77197"}],"version-history":[{"count":3,"href":"https:\/\/www.fuldaernachrichten.de\/index.php?rest_route=\/wp\/v2\/posts\/77197\/revisions"}],"predecessor-version":[{"id":77400,"href":"https:\/\/www.fuldaernachrichten.de\/index.php?rest_route=\/wp\/v2\/posts\/77197\/revisions\/77400"}],"wp:attachment":[{"href":"https:\/\/www.fuldaernachrichten.de\/index.php?rest_route=%2Fwp%2Fv2%2Fmedia&parent=77197"}],"wp:term":[{"taxonomy":"category","embeddable":true,"href":"https:\/\/www.fuldaernachrichten.de\/index.php?rest_route=%2Fwp%2Fv2%2Fcategories&post=77197"},{"taxonomy":"post_tag","embeddable":true,"href":"https:\/\/www.fuldaernachrichten.de\/index.php?rest_route=%2Fwp%2Fv2%2Ftags&post=77197"}],"curies":[{"name":"wp","href":"https:\/\/api.w.org\/{rel}","templated":true}]}}