{"id":7718,"date":"2008-02-06T00:13:34","date_gmt":"2008-02-05T23:13:34","guid":{"rendered":"http:\/\/www.schoene-nachrichten.de\/?p=7718"},"modified":"2008-02-06T00:13:34","modified_gmt":"2008-02-05T23:13:34","slug":"existenzgruendung-chancen-und-risiken","status":"publish","type":"post","link":"https:\/\/www.fuldaernachrichten.de\/?p=7718","title":{"rendered":"Existenzgr\u00fcndung \u2013 Chancen und Risiken"},"content":{"rendered":"<p><strong>Termin.<\/strong> Mit dem Thema Existenzgr\u00fcndung besch\u00e4ftigt sich eine Informationsveranstaltung, die am Donnerstag, 7. Februar, im Berufsinformationszentrum (BIZ) der Agentur f\u00fcr Arbeit Fulda stattfindet. Von 15.30 bis 17.30 Uhr erfahren Interessierte im BIZ (Eingang Gambettagasse) alles \u00fcber Chancen und Risiken der Selbst\u00e4ndigkeit sowie \u00fcber die notwendigen Voraussetzungen, F\u00f6rder- und Finanzierungsm\u00f6glichkeiten und die rechtlichen Rahmenbedingungen.<\/p>\n","protected":false},"excerpt":{"rendered":"<div class=\"tmnf_excerpt\"><p>Termin. Mit dem Thema Existenzgr\u00fcndung besch\u00e4ftigt sich eine Informationsveranstaltung, die am Donnerstag, 7. Februar, im Berufsinformationszentrum (BIZ) der Agentur f\u00fcr Arbeit Fulda stattfindet. Von 15.30 bis 17.30 Uhr erfahren Interessierte im BIZ (Eingang Gambettagasse) alles \u00fcber Chancen und Risiken der Selbst\u00e4ndigkeit sowie \u00fcber die notwendigen Voraussetzungen, F\u00f6rder- und Finanzierungsm\u00f6glichkeiten und die rechtlichen Rahmenbedingungen.<\/p>\n<\/div>","protected":false},"author":1,"featured_media":0,"comment_status":"closed","ping_status":"closed","sticky":false,"template":"","format":"standard","meta":{"footnotes":""},"categories":[1],"tags":[],"class_list":["post-7718","post","type-post","status-publish","format-standard","hentry","category-startseite"],"_links":{"self":[{"href":"https:\/\/www.fuldaernachrichten.de\/index.php?rest_route=\/wp\/v2\/posts\/7718","targetHints":{"allow":["GET"]}}],"collection":[{"href":"https:\/\/www.fuldaernachrichten.de\/index.php?rest_route=\/wp\/v2\/posts"}],"about":[{"href":"https:\/\/www.fuldaernachrichten.de\/index.php?rest_route=\/wp\/v2\/types\/post"}],"author":[{"embeddable":true,"href":"https:\/\/www.fuldaernachrichten.de\/index.php?rest_route=\/wp\/v2\/users\/1"}],"replies":[{"embeddable":true,"href":"https:\/\/www.fuldaernachrichten.de\/index.php?rest_route=%2Fwp%2Fv2%2Fcomments&post=7718"}],"version-history":[{"count":0,"href":"https:\/\/www.fuldaernachrichten.de\/index.php?rest_route=\/wp\/v2\/posts\/7718\/revisions"}],"wp:attachment":[{"href":"https:\/\/www.fuldaernachrichten.de\/index.php?rest_route=%2Fwp%2Fv2%2Fmedia&parent=7718"}],"wp:term":[{"taxonomy":"category","embeddable":true,"href":"https:\/\/www.fuldaernachrichten.de\/index.php?rest_route=%2Fwp%2Fv2%2Fcategories&post=7718"},{"taxonomy":"post_tag","embeddable":true,"href":"https:\/\/www.fuldaernachrichten.de\/index.php?rest_route=%2Fwp%2Fv2%2Ftags&post=7718"}],"curies":[{"name":"wp","href":"https:\/\/api.w.org\/{rel}","templated":true}]}}