{"id":7716,"date":"2008-02-06T00:10:33","date_gmt":"2008-02-05T23:10:33","guid":{"rendered":"http:\/\/www.schoene-nachrichten.de\/?p=7716"},"modified":"2008-02-05T20:13:33","modified_gmt":"2008-02-05T19:13:33","slug":"neujahrsempfang-der-marktgemeinde-burghaun","status":"publish","type":"post","link":"https:\/\/www.fuldaernachrichten.de\/?p=7716","title":{"rendered":"Neujahrsempfang der Marktgemeinde Burghaun"},"content":{"rendered":"<p><strong><a rel=\"lightbox[roadtrip]\" target=\"_blank\" href=\"http:\/\/www.schoene-nachrichten.de\/wp-content\/uploads\/2008\/02\/080205_neujahrsempfang.jpg\" title=\"080205_neujahrsempfang.jpg\"><img decoding=\"async\" align=\"left\" src=\"http:\/\/www.schoene-nachrichten.de\/wp-content\/uploads\/2008\/02\/080205_neujahrsempfang.thumbnail.jpg\" hspace=\"5\" alt=\"080205_neujahrsempfang.jpg\" \/><\/a>Burghaun.<\/strong>\u00c2\u00a0Erstmalig fand der Neujahrsempfang der Gemeinde Burghaun gemeinsam mit dem Gewerbeverein Burghaun f\u00fcr alle im Gemeindegebiet ans\u00e4ssigen Unternehmen im Herrenhaus statt. B\u00fcrgermeister Alexander Hohmann konnte den fr\u00fcheren hessischen Wirtschaftsminister Dieter Posch als Festredner begr\u00fc\u00dfen.<!--more--><\/p>\n<p>Posch ist geb\u00fcrtiger Nordhesse und seit etwa zwanzig Jahren neben seiner freiberuflichen Arbeit als Rechtsanwalt politisch t\u00e4tig. B\u00fcrgermeister Hohmann nutzte die Gelegenheit dem Landtagsabgeordneten die gute wirtschaftliche Entwicklung Burghauns in den vergangenen Jahren vor Augen zu f\u00fchren. \u201ewir haben in den zur\u00fcckliegenden 3 Jahren einen Zuwachs an Betrieben, es werden mehr sozialversicherungspflichtige Arbeitspl\u00e4tze angeboten und die Zahl der Arbeitslosen sinkt stetig\u201c, erkl\u00e4rte Hohmann.<\/p>\n<p>Er selbst pflege einen engen und regelm\u00e4\u00dfigen Kontakt zur heimischen Wirtschaft, wobei beispielsweise \u00fcber 90 Prozent der gemeindlichen Auftr\u00e4ge an Firmen aus der Gemeinde vergeben worden seien. \u201eUnsere Betriebe in der Gemeinde sind Spiegelbild und Garant der positiven wirtschaftlichen Entwicklung vor Ort \u2013 sie bieten Arbeitspl\u00e4tze, sie bilden junge Menschen aus und sie tragen \u00fcber die Gewerbesteuer zur finanziellen Entwicklung des Gemeindehaushalts bei\u201c, so Homann<\/p>\n<p>Posch zeigte sich der wirtschaftlichen\u00c2\u00a0 Entwicklung Burghauns beeindruckt und bezeichnete das H\u00fcnfelder Land als hessischen \u201eSpitzenreiter\u201c in dieser Beziehung.<\/p>\n<p>Sein Vortragsthema befasste sich mit der hessischen Strukturpolitik, insbesondere im l\u00e4ndlichen Raum. Zun\u00e4chst schockte er die Zuh\u00f6rer damit, dass durch die demografische Entwicklung der l\u00e4ndlichen Raum teilweise einen Bev\u00f6lkerungsschwund von bis zu 30 Prozent zu erwarten habe. Dies bedeute aber nicht, dass auf Grund von weniger Menschen auch weniger Infrastruktur ben\u00f6tigt werde. Die Mehrkosten m\u00fcssten so auf die \u201e\u00dcbriggebliebenen\u201c verteilt werden.\u00c2\u00a0<\/p>\n<p>Posch pl\u00e4diert daf\u00fcr, den l\u00e4ndlichen Raum besonders f\u00fcr die Bed\u00fcrfnisse der Menschen zu f\u00f6rdern und zu entwickeln. Man m\u00fcsste in diesem Zusammenhang aber auch F\u00f6rderprogramme genauer unter die Lupe nehmen und anpassen. \u201eDer l\u00e4ndliche Raum muss attraktiver gemacht werden und der Staat muss eingreifen, wenn eine Kulturlandschaft in Gefahr ger\u00e4t\u201c, so Posch<\/p>\n<p>Er forderte, dass die Abh\u00e4ngigkeit von Transportleistungen beseitigt werden m\u00fcsste. Man sollte zu Errichtung von Umschlagspl\u00e4tzen und Logistikzentren die zentrale Lage der nord- und osthessischen Region nutzen. Dies k\u00f6nnte nat\u00fcrlich nicht nur durch eine einzelne Gemeinde geschaffen werden, sondern durch Interkommunale Kooperation gel\u00f6st werden.<\/p>\n<p>Des Weiteren ging er auf die L\u00e4nge von Genehmigungsverfahren en. Diese sollten nicht nur zeitlich gek\u00fcrzt werden sondern es sollte auch der Irrsinn beseitigt werden, dass bei einigen Verfahren 60 Prozent der Investitionssumme schon in die Kosten f\u00fcr den Verwaltungsaufwand flie\u00dfen w\u00fcrden. Dies zeige, dass an falscher Stelle Gelder ausgegeben w\u00fcrden, welche besser in die geplanten Investitionen flie\u00dfen sollten.<\/p>\n<p>In seinen kurzen Ausf\u00fchrung zur der Bildungspolitik machte Posch deutlich, dass nicht der Streit um Schulreformen wichtiger sei, sondern die Sicherstellung einer vern\u00fcnftigen Unterrichtsversorgung. Man m\u00fcsse junge Menschen entsprechend motivieren und qualifizieren. Da Bildung ein Wert an sich ist und es sich lohn in diesen auch in volkswirtschaftlicher Hinsicht zu investieren.<\/p>\n<p>B\u00fcrgermeister Alexander Hohmann dankte Dieter Posch f\u00fcr seinen Vortrag und \u00fcberreichte ihm einen Pr\u00e4sentkorb mit Burghauner Wurstspezialit\u00e4ten sowie Informationen zum Kegelspielradweg, wobei er diesen zu einer Radtour durch das Hessische Kegelspiel einlud.<\/p>\n<p>Anschlie\u00dfend waren die G\u00e4ste zu einem Imbiss und einem kleinen Umtrunk eingeladen und nutzten die Gelegenheit zu zahlreichen Gespr\u00e4chen.<\/p>\n","protected":false},"excerpt":{"rendered":"<div class=\"tmnf_excerpt\"><p>Burghaun.\u00c2\u00a0Erstmalig fand der Neujahrsempfang der Gemeinde Burghaun gemeinsam mit dem Gewerbeverein Burghaun f\u00fcr alle im Gemeindegebiet ans\u00e4ssigen Unternehmen im Herrenhaus statt. B\u00fcrgermeister Alexander Hohmann konnte den fr\u00fcheren hessischen Wirtschaftsminister Dieter Posch als Festredner begr\u00fc\u00dfen.<\/p>\n<\/div>","protected":false},"author":1,"featured_media":0,"comment_status":"closed","ping_status":"closed","sticky":false,"template":"","format":"standard","meta":{"footnotes":""},"categories":[1,29],"tags":[],"class_list":["post-7716","post","type-post","status-publish","format-standard","hentry","category-startseite","category-politik"],"_links":{"self":[{"href":"https:\/\/www.fuldaernachrichten.de\/index.php?rest_route=\/wp\/v2\/posts\/7716","targetHints":{"allow":["GET"]}}],"collection":[{"href":"https:\/\/www.fuldaernachrichten.de\/index.php?rest_route=\/wp\/v2\/posts"}],"about":[{"href":"https:\/\/www.fuldaernachrichten.de\/index.php?rest_route=\/wp\/v2\/types\/post"}],"author":[{"embeddable":true,"href":"https:\/\/www.fuldaernachrichten.de\/index.php?rest_route=\/wp\/v2\/users\/1"}],"replies":[{"embeddable":true,"href":"https:\/\/www.fuldaernachrichten.de\/index.php?rest_route=%2Fwp%2Fv2%2Fcomments&post=7716"}],"version-history":[{"count":0,"href":"https:\/\/www.fuldaernachrichten.de\/index.php?rest_route=\/wp\/v2\/posts\/7716\/revisions"}],"wp:attachment":[{"href":"https:\/\/www.fuldaernachrichten.de\/index.php?rest_route=%2Fwp%2Fv2%2Fmedia&parent=7716"}],"wp:term":[{"taxonomy":"category","embeddable":true,"href":"https:\/\/www.fuldaernachrichten.de\/index.php?rest_route=%2Fwp%2Fv2%2Fcategories&post=7716"},{"taxonomy":"post_tag","embeddable":true,"href":"https:\/\/www.fuldaernachrichten.de\/index.php?rest_route=%2Fwp%2Fv2%2Ftags&post=7716"}],"curies":[{"name":"wp","href":"https:\/\/api.w.org\/{rel}","templated":true}]}}