{"id":77061,"date":"2010-11-26T00:45:00","date_gmt":"2010-11-25T23:45:00","guid":{"rendered":"http:\/\/www.fuldaer-nachrichten.de\/?p=77061"},"modified":"2010-11-26T07:45:47","modified_gmt":"2010-11-26T06:45:47","slug":"tatorte-im-rettungsdienst-fortbildung-der-feuerwehr-fulda-in-zusammenarbeit-mit-dem-polizeipraesidium-osthessen","status":"publish","type":"post","link":"https:\/\/www.fuldaernachrichten.de\/?p=77061","title":{"rendered":"&#8220;Tatorte&#8221; im Rettungsdienst &#8211; Fortbildung der Feuerwehr Fulda in Zusammenarbeit mit dem Polizeipr\u00e4sidium Osthessen"},"content":{"rendered":"<p><strong><a href=\"http:\/\/www.fuldaer-nachrichten.de\/wp-content\/uploads\/2010\/11\/101125_Absperrung.jpg\"><img fetchpriority=\"high\" decoding=\"async\" class=\"alignleft size-thumbnail wp-image-77062\" title=\"101125_Absperrung\" src=\"http:\/\/www.fuldaer-nachrichten.de\/wp-content\/uploads\/2010\/11\/101125_Absperrung-265x198.jpg\" alt=\"\" width=\"265\" height=\"198\" srcset=\"https:\/\/www.fuldaernachrichten.de\/wp-content\/uploads\/2010\/11\/101125_Absperrung-265x198.jpg 265w, https:\/\/www.fuldaernachrichten.de\/wp-content\/uploads\/2010\/11\/101125_Absperrung.jpg 592w\" sizes=\"(max-width: 265px) 100vw, 265px\" \/><\/a>Fulda. <\/strong>Die Feuerwehr Fulda veranstaltet zusammen mit dem Polizeipr\u00e4sidium Osthessen am 07. Dezember 2010 um 18.00 Uhr eine Fortbildungsveranstaltung zum Themenfeld &#8220;Tatorte&#8221; im Rettungsdienst. Hier sollen Ber\u00fchrungspunkte beim T\u00e4tigwerden von Rettungs- und Polizeikr\u00e4ften er\u00f6rtert werden. Teilnehmen kann jeder, der etwas mehr \u00fcber die Feuerwehr und die Polizei erfahren m\u00f6chte und n\u00e4here Infos \u00fcber das Zusammenspiel der beiden Kr\u00e4fte erfahren m\u00f6chte. <!--more--><\/p>\n<p><strong>Inhalte<\/strong><\/p>\n<p>Leitung: Erik Erlekampf, Feuerwehrarzt<\/p>\n<ul>\n<li>Organisation des PP Osthessen, der Kripo Fulda sowie die sachliche Zust\u00e4ndigkeit des K 10<\/li>\n<li>Praktisches Fallbeispiel<\/li>\n<li>Einblicke in die kriminalpolizeil<\/li>\n<\/ul>\n<p>Tatortarbeit<\/p>\n<ul>\n<li>Anforderungen \/ Allgemeine Informationen<\/li>\n<li>Probleme und L\u00f6sungsans\u00e4tze<\/li>\n<\/ul>\n<p>\u00c4rzte und Rettungskr\u00e4fte als Zeugen &#8211; Grenzen zur Schweigepflicht<br \/>\nDauer der Veranstaltung 3 Stunden bzw. 4 Unterrichtseinheiten<br \/>\nFu\u00cc\u02c6r die Teilnahme an der Fortbildungsveranstaltung entstehen keine Kosten<\/p>\n<p>Anmeldungen per Fax oder Mail an Amt fu\u00cc\u02c6r Brand-, Zivilschutz und Rettungsdienst Bereich Einsatz und Organisation. Fax. 0661 8392 200, florian.jestaedt@fulda.de.<\/p>\n<p>Veranstaltung \u201eTatorte\u201c im Rettungsdienst: Beru\u00cc\u02c6hrungspunkte beim T\u00e4tigwerden von Rettungskr\u00e4ften und Kriminalpolizei an gemeinsamen Einsatzstellen<\/p>\n<ul>\n<li>Termin\/Uhrzeit: 07.12.2010 um 18:00 Uhr<\/li>\n<li>Veranstaltungsort: Feuerwache Fulda &#8211; An St. Florian 4, 36041 Fulda<\/li>\n<\/ul>\n<p>Alle Teilnehmer erhalten eine Teilnahmebescheinigung.Eine Zertifizierung bei der Landes\u00e4rztekammer ist beantragt.<\/p>\n<p>Ansprechpartner: Thomas Helmer<br \/>\nthomas.helmer@fulda.de<br \/>\nTel. 0661 8392 141<\/p>\n<p>An St. Florian 4<br \/>\n36041 Fulda<br \/>\nTelefon: (0661) 8392-0<br \/>\nFax: : (0661) 8392-200<br \/>\nEinsatz und Organisation, Aus\u2013 und Fortbildung<\/p>\n","protected":false},"excerpt":{"rendered":"<div class=\"tmnf_excerpt\"><p>Fulda. Die Feuerwehr Fulda veranstaltet zusammen mit dem Polizeipr\u00e4sidium Osthessen am 07. Dezember 2010 um 18.00 Uhr eine Fortbildungsveranstaltung zum Themenfeld &#8220;Tatorte&#8221; im Rettungsdienst. Hier sollen Ber\u00fchrungspunkte beim T\u00e4tigwerden von Rettungs- und Polizeikr\u00e4ften er\u00f6rtert werden. Teilnehmen kann jeder, der etwas mehr \u00fcber die Feuerwehr und die Polizei erfahren m\u00f6chte und n\u00e4here Infos \u00fcber das Zusammenspiel &hellip;<\/p>\n<\/div>","protected":false},"author":1,"featured_media":0,"comment_status":"closed","ping_status":"closed","sticky":false,"template":"","format":"standard","meta":{"footnotes":""},"categories":[1,71],"tags":[],"class_list":["post-77061","post","type-post","status-publish","format-standard","hentry","category-startseite","category-feuerwehr"],"_links":{"self":[{"href":"https:\/\/www.fuldaernachrichten.de\/index.php?rest_route=\/wp\/v2\/posts\/77061","targetHints":{"allow":["GET"]}}],"collection":[{"href":"https:\/\/www.fuldaernachrichten.de\/index.php?rest_route=\/wp\/v2\/posts"}],"about":[{"href":"https:\/\/www.fuldaernachrichten.de\/index.php?rest_route=\/wp\/v2\/types\/post"}],"author":[{"embeddable":true,"href":"https:\/\/www.fuldaernachrichten.de\/index.php?rest_route=\/wp\/v2\/users\/1"}],"replies":[{"embeddable":true,"href":"https:\/\/www.fuldaernachrichten.de\/index.php?rest_route=%2Fwp%2Fv2%2Fcomments&post=77061"}],"version-history":[{"count":4,"href":"https:\/\/www.fuldaernachrichten.de\/index.php?rest_route=\/wp\/v2\/posts\/77061\/revisions"}],"predecessor-version":[{"id":77143,"href":"https:\/\/www.fuldaernachrichten.de\/index.php?rest_route=\/wp\/v2\/posts\/77061\/revisions\/77143"}],"wp:attachment":[{"href":"https:\/\/www.fuldaernachrichten.de\/index.php?rest_route=%2Fwp%2Fv2%2Fmedia&parent=77061"}],"wp:term":[{"taxonomy":"category","embeddable":true,"href":"https:\/\/www.fuldaernachrichten.de\/index.php?rest_route=%2Fwp%2Fv2%2Fcategories&post=77061"},{"taxonomy":"post_tag","embeddable":true,"href":"https:\/\/www.fuldaernachrichten.de\/index.php?rest_route=%2Fwp%2Fv2%2Ftags&post=77061"}],"curies":[{"name":"wp","href":"https:\/\/api.w.org\/{rel}","templated":true}]}}