{"id":7699,"date":"2008-02-04T00:15:38","date_gmt":"2008-02-03T23:15:38","guid":{"rendered":"http:\/\/www.schoene-nachrichten.de\/?p=7699"},"modified":"2008-02-04T00:46:00","modified_gmt":"2008-02-03T23:46:00","slug":"44-hauptkulturtagung-des-rhoenklub-ev","status":"publish","type":"post","link":"https:\/\/www.fuldaernachrichten.de\/?p=7699","title":{"rendered":"44. Hauptkulturtagung des Rh\u00f6nklub e.V."},"content":{"rendered":"<p><strong>Rh\u00f6n.<\/strong> Seit drei Jahren ist die Jugendbildungsst\u00e4tte auf dem Volkersberg bei Bad Br\u00fcckenau Austragungsort der Hauptkulturtagung des Rh\u00f6nklubs. Die 44 Tagung dieser Art tr\u00e4gt den Titel \u201eWanderkultur\u201c \u2013 Kultur des Wanderns.\u00c2\u00a0 Sie findet am 1. und 2. M\u00e4rz 2008 statt und beginnt am Samstag um 9.00 Uhr. Anmeldungen nimmt ab sofort die Gesch\u00e4ftsstelle des Rh\u00f6nklubs unter  0661 \u2013 73488 oder   0661 \u2013 79794 bzw. E-Mail Hauptvorstand@rhoenklub.de  entgegen.  Bis zum 20. Februar sollte die Anmeldung wegen der Vergabe der Zimmer erfolgt sein. Der Preis f\u00fcr Vollpension betr\u00e4gt 64,&#8211; EURO, zzgl. einer Tagungsgeb\u00fchr von 10,&#8211; EURO.<!--more--><br \/>\nDer Hauptvorstand des Rh\u00f6nklub e.V hatte sich auf seiner letzten Sitzung im Dezember 2007 folgendes Motto f\u00fcr das Jahr 2008 gegeben: \u201eRh\u00f6nklub &#8211; Wandern &amp; Mehr\u201c. Dies ist auch das Motto des 108. Deutschen Wandertages, der in diesem Jahr in Fulda und der Rh\u00f6n stattfindet. Wen wundert es da, wenn auch die Hauptkulturtagung auf dem Volkersberg sich dieser Thematik annimmt.<\/p>\n<p>L\u00e4ngst sind sich die Mitglieder des Rh\u00f6nklubs dar\u00fcber im Klaren, dass Wandern Kultur ist und dass es eine Kultur des Wanderns gibt.. So werden sich die Referenten der 44. Hauptkulturtagung intensiv mit diesem Themenkreis befassen. Mit Sicherheit ist diese Tagung auch f\u00fcr Touristiker von Interesse, denn eines der  Themen lautet \u201eDie Bedeutung der Wandervereine im modernen Tourismus\u201c. In den zur\u00fcckliegenden 125 Jahren hat der Deutsche Wanderverband, der 1883 in Fulda gegr\u00fcndet worden ist, seine Kompetenz auf dem Gebiet des Wanderns unter Beweis gestellt.<\/p>\n<p>Deshalb entsendet der Wanderverband f\u00fcr dieses  Referat auch seine Gesch\u00e4ftsf\u00fchrerin, Frau Ute Dicks, die sich in der Geschichte der Wanderbewegung bestens auskennt. Sie wird nicht nur zur\u00fcck blicken, sondern auch die Wege in die Zukunft aufweisen. Der bekannte Buchautor Ulrich Grober referiert zum Thema \u201eVom Wandern\u201c &#8212;  Neue Wege zu einer alten Kunst -. Roland Szabo, ebenfalls Buchautor, spricht \u00fcber \u201eHeilsames Wandern\u201c<\/p>\n<p>Interessant wird mit Sicherheit die Podiumsdiskussion unter der Moderation des Redakteurs der RH\u00d6NWACHT Bernd M\u00fcller-Strau\u00df, die am Samstag, dem 1. M\u00e4rz um 15.45 Uhr beginnen soll. Die Liste der Teilnehmer der Diskussionsrunde steht bis dato noch nicht endg\u00fcltig fest! Diskutiert wird \u00fcber \u201eWanderer zwischen den Welten \u2013 wohin f\u00fchrt unser Weg?\u201c Nach dem Besuch der Hl. Messe am Sonntag Vormittag in der Klosterkirche \u00fcbernimmt Frau Elisabeth Schrimpf aus Fulda das Referat \u201eDer Trend zum Event \u2013 Inszenierte Stadt- und Museumsf\u00fchrungen\u201c.<\/p>\n<p>Wie eng Wandern und Kultur miteinander verwoben sind, wird die Tourismusmanagerin aufzeigen. Gegen 11.30 Uhr kommt dann noch einmal Bernd M\u00fcller-Strau\u00df zu Wort. Als Praktiker in Sachen Wandern und Stadtf\u00fchrung (in Bamberg!) fordert er die Teilnehmer auf: \u201eGehen Sie mit mir auf den Grund\u201c \u2013 Wandern mit einem Einheimischen- Gegen 14.00 Uhr endet die Tagung nach dem Mittagessen.<\/p>\n","protected":false},"excerpt":{"rendered":"<div class=\"tmnf_excerpt\"><p>Rh\u00f6n. Seit drei Jahren ist die Jugendbildungsst\u00e4tte auf dem Volkersberg bei Bad Br\u00fcckenau Austragungsort der Hauptkulturtagung des Rh\u00f6nklubs. Die 44 Tagung dieser Art tr\u00e4gt den Titel \u201eWanderkultur\u201c \u2013 Kultur des Wanderns.\u00c2\u00a0 Sie findet am 1. und 2. M\u00e4rz 2008 statt und beginnt am Samstag um 9.00 Uhr. Anmeldungen nimmt ab sofort die Gesch\u00e4ftsstelle des Rh\u00f6nklubs &hellip;<\/p>\n<\/div>","protected":false},"author":1,"featured_media":0,"comment_status":"closed","ping_status":"closed","sticky":false,"template":"","format":"standard","meta":{"footnotes":""},"categories":[1],"tags":[],"class_list":["post-7699","post","type-post","status-publish","format-standard","hentry","category-startseite"],"_links":{"self":[{"href":"https:\/\/www.fuldaernachrichten.de\/index.php?rest_route=\/wp\/v2\/posts\/7699","targetHints":{"allow":["GET"]}}],"collection":[{"href":"https:\/\/www.fuldaernachrichten.de\/index.php?rest_route=\/wp\/v2\/posts"}],"about":[{"href":"https:\/\/www.fuldaernachrichten.de\/index.php?rest_route=\/wp\/v2\/types\/post"}],"author":[{"embeddable":true,"href":"https:\/\/www.fuldaernachrichten.de\/index.php?rest_route=\/wp\/v2\/users\/1"}],"replies":[{"embeddable":true,"href":"https:\/\/www.fuldaernachrichten.de\/index.php?rest_route=%2Fwp%2Fv2%2Fcomments&post=7699"}],"version-history":[{"count":0,"href":"https:\/\/www.fuldaernachrichten.de\/index.php?rest_route=\/wp\/v2\/posts\/7699\/revisions"}],"wp:attachment":[{"href":"https:\/\/www.fuldaernachrichten.de\/index.php?rest_route=%2Fwp%2Fv2%2Fmedia&parent=7699"}],"wp:term":[{"taxonomy":"category","embeddable":true,"href":"https:\/\/www.fuldaernachrichten.de\/index.php?rest_route=%2Fwp%2Fv2%2Fcategories&post=7699"},{"taxonomy":"post_tag","embeddable":true,"href":"https:\/\/www.fuldaernachrichten.de\/index.php?rest_route=%2Fwp%2Fv2%2Ftags&post=7699"}],"curies":[{"name":"wp","href":"https:\/\/api.w.org\/{rel}","templated":true}]}}