{"id":7696,"date":"2008-02-25T01:02:15","date_gmt":"2008-02-25T00:02:15","guid":{"rendered":"http:\/\/www.schoene-nachrichten.de\/?p=7696"},"modified":"2008-12-15T13:10:54","modified_gmt":"2008-12-15T12:10:54","slug":"heilige-des-tages-heute-heilige-walburga","status":"publish","type":"post","link":"https:\/\/www.fuldaernachrichten.de\/?p=7696","title":{"rendered":"&#8220;Heilige des Tages&#8221; &#8211; heute: Heilige Walburga"},"content":{"rendered":"<p><strong><img decoding=\"async\" align=\"left\" src=\"http:\/\/www.schoene-nachrichten.de\/wp-content\/uploads\/2007\/07\/070704_bistum1.jpg\" hspace=\"5\" alt=\"070704_bistum1.jpg\" \/>Serie.<\/strong> Am 25. Februar ist der Gedenktag der Heiligen Walburga. Der Name kommt aus dem Althochdeutschen und bedeutet: \u201eDie Schutz bietende Wallstatt\u201c. Walburga wurde um das Jahr 710 als Tochter des sagenhaften angels\u00e4chsischen K\u00f6nigs Richard geboren. Ihre Br\u00fcder waren Wunibald und Willibald und ihr Onkel der Hl. Bonifatius. Zusammen mit Lioba wurde sie im Kloster Wimborne erzogen.<\/p>\n<p><strong>Video ansehen mit:<\/strong> <a target=\"_blank\" href=\"http:\/\/www.schoene-nachrichten.de\/wp-content\/uploads\/2008\/02\/080225_Bistum.wmv\">Windows Media Player<\/a> oder <a target=\"_blank\" href=\"http:\/\/www.schoene-nachrichten.de\/Video\/080225_Bistum.rmvb\">Real Media Player<\/a><\/p>\n<p><!--more-->Nachdem der Hl. Bonifatius die Missionsarbeit in Deutschland gefestigt hatte, holte er sich seine Verwandten zur Unterst\u00fctzung nach, unter ihnen war auch Walburga. In Tauberbischofsheim begann sie ihre Arbeit und folgte dann sp\u00e4ter ihrem Bruder Willibald in ein Doppelkloster nach Heidenheim, wo er sie zur \u00c4btissin eines Frauenklosters machte. Nachdem Wunibald Bischof von Eichst\u00e4tt wurde, \u00fcbernahm Walburga die F\u00fchrung beider Kl\u00f6ster als \u00c4btissin.<\/p>\n<p>Die Adeligen der Region schickten ihre T\u00f6chter in die Klosterschule zur Erlangung einer guten Schulausbildung. In der heidnischen Gegend leistete Walburga gro\u00dfe \u00dcberzeugungsarbeit und ihr Kloster entwickelte sich zu einem wichtigen, christlichen Zentrum. Dank ihrer Missionsarbeit verbreitete sich das Christentum im Lande.<\/p>\n<p>Am 25. Februar 779 stirbt die Heilige Walburga in Heidenheim. Ihre Gebeine befinden sich heute in der St. Walburga Kirche in Eichst\u00e4tt. Sie ist Patronin der Di\u00f6zese Eichst\u00e4tt und wird als \u00c4btissin im schwarzen Ordenskleid mit Regelbuch und Stab dargestellt.<\/p>\n<p><img decoding=\"async\" src=\"http:\/\/www.schoene-nachrichten.de\/wp-content\/uploads\/2007\/02\/x_sponsor.gif\" alt=\"x_sponsor.gif\" \/>[local \/wp-content\/uploads\/2008\/02\/080225_Bistum.wmv]\u00c2\u00a0<\/p>\n","protected":false},"excerpt":{"rendered":"<div class=\"tmnf_excerpt\"><p>Serie. Am 25. Februar ist der Gedenktag der Heiligen Walburga. Der Name kommt aus dem Althochdeutschen und bedeutet: \u201eDie Schutz bietende Wallstatt\u201c. Walburga wurde um das Jahr 710 als Tochter des sagenhaften angels\u00e4chsischen K\u00f6nigs Richard geboren. Ihre Br\u00fcder waren Wunibald und Willibald und ihr Onkel der Hl. Bonifatius. Zusammen mit Lioba wurde sie im Kloster &hellip;<\/p>\n<\/div>","protected":false},"author":1,"featured_media":0,"comment_status":"closed","ping_status":"closed","sticky":false,"template":"","format":"standard","meta":{"footnotes":""},"categories":[1,79],"tags":[],"class_list":["post-7696","post","type-post","status-publish","format-standard","hentry","category-startseite","category-kino"],"_links":{"self":[{"href":"https:\/\/www.fuldaernachrichten.de\/index.php?rest_route=\/wp\/v2\/posts\/7696","targetHints":{"allow":["GET"]}}],"collection":[{"href":"https:\/\/www.fuldaernachrichten.de\/index.php?rest_route=\/wp\/v2\/posts"}],"about":[{"href":"https:\/\/www.fuldaernachrichten.de\/index.php?rest_route=\/wp\/v2\/types\/post"}],"author":[{"embeddable":true,"href":"https:\/\/www.fuldaernachrichten.de\/index.php?rest_route=\/wp\/v2\/users\/1"}],"replies":[{"embeddable":true,"href":"https:\/\/www.fuldaernachrichten.de\/index.php?rest_route=%2Fwp%2Fv2%2Fcomments&post=7696"}],"version-history":[{"count":1,"href":"https:\/\/www.fuldaernachrichten.de\/index.php?rest_route=\/wp\/v2\/posts\/7696\/revisions"}],"predecessor-version":[{"id":17368,"href":"https:\/\/www.fuldaernachrichten.de\/index.php?rest_route=\/wp\/v2\/posts\/7696\/revisions\/17368"}],"wp:attachment":[{"href":"https:\/\/www.fuldaernachrichten.de\/index.php?rest_route=%2Fwp%2Fv2%2Fmedia&parent=7696"}],"wp:term":[{"taxonomy":"category","embeddable":true,"href":"https:\/\/www.fuldaernachrichten.de\/index.php?rest_route=%2Fwp%2Fv2%2Fcategories&post=7696"},{"taxonomy":"post_tag","embeddable":true,"href":"https:\/\/www.fuldaernachrichten.de\/index.php?rest_route=%2Fwp%2Fv2%2Ftags&post=7696"}],"curies":[{"name":"wp","href":"https:\/\/api.w.org\/{rel}","templated":true}]}}