{"id":7691,"date":"2008-02-04T00:04:59","date_gmt":"2008-02-03T23:04:59","guid":{"rendered":"http:\/\/www.schoene-nachrichten.de\/?p=7691"},"modified":"2008-02-03T23:30:48","modified_gmt":"2008-02-03T22:30:48","slug":"serie-des-tages-heute-hl-hrabanus-maurus","status":"publish","type":"post","link":"https:\/\/www.fuldaernachrichten.de\/?p=7691","title":{"rendered":"&#8220;Serie des Tages&#8221; &#8211; heute: Hl. Hrabanus Maurus"},"content":{"rendered":"<p><img decoding=\"async\" align=\"left\" src=\"http:\/\/www.schoene-nachrichten.de\/wp-content\/uploads\/2007\/07\/070704_bistum1.jpg\" hspace=\"5\" alt=\"070704_bistum1.jpg\" \/><strong>Serie.<\/strong> Am 04. Februar ist der Gedenktag des Heiligen Hrabanus Maurus. Der Name kommt aus dem Alhochdeutschen und bedeutet: der Rabe. Hrabanus Maurus wurde um das Jahr 776 in Mainz geboren. Mit 9 Jahren kam er in das Benediktinerkloster Fulda, wo er eine Erziehung ganz im benediktinischen Sinne erhielt und sich schon mit 15 Jahren als M\u00f6nch ernorme Kenntnis der kirchlichen und weltlichen Wissenschaften aneignete.<\/p>\n<p><strong>Video ansehen mit:<\/strong> <a target=\"_blank\" href=\"http:\/\/www.schoene-nachrichten.de\/wp-content\/uploads\/2008\/02\/080204_Bistum.wmv\">Windows Media Player<\/a> oder <a target=\"_blank\" href=\"http:\/\/www.schoene-nachrichten.de\/Video\/080204_Bistum.rmvb\">Real Media Player<\/a><\/p>\n<p><!--more-->Sein Abt Ratgar schickte ihn zu weiteren Studien f\u00fcr ein Jahr nach Tours in Frankreich zu Abt Alkuin, dem gelehrtesten Mann seines Jahrhunderts. 815 erhielt er von Erzbischof Heistolf von Mainz die Priesterweihe. Mit ihm als Lehrer und Leiter begann der Aufstieg der Abtei Fulda zum wissenschaftlichen Mittelpunkt, zur Hochschule der gemanischen L\u00e4nder.<\/p>\n<p>822 wurde er zum Abt vom Kloster Fulda gew\u00e4hlt und leitete dieses \u00fcber 20 Jahre. In dieser Zeit f\u00f6rderte er die Schreib- und Malschule und vermehrte stark die Best\u00e4nde der Klosterbibliothek, wovon er behauptete: Alles was Gott an heiligen Schriften und frommen Reden von der Burg des Himmels auf den Erdkreis gesendet hat, ist dort zu finden und ebenso alles, was die Weisheit der Welt zu verschiedenen Zeiten in die Welt gebracht hat.<\/p>\n<p>Hrabanus Maurus war ein Mann von universaler Bildung, ein gro\u00dfer F\u00f6rderer des Bildungswesens in der Zeit Karls des Gro\u00dfen, was ihm den Ehrennamen \u201ePraeceptor Germaniae\u201c \u2013 Lehrer Germaniens \u2013 einbrachte. Nach einem R\u00fcckzug in die Stille des Gelehrtenlebens im Jahre 847 berief ihn die Wahl des Klerus und des Volkes zum Erzbischof nach Mainz.<\/p>\n<p>Sein Leben lang hatte Hrabanus Maurus sich der geistigen Not des Volkes angenommen, um so gro\u00dfartiger entfaltete er die Kr\u00e4fte werkt\u00e4tiger N\u00e4chstenliebe, als im Hungerjahr 850 auch die leibliche Not des Volkes um Abhilfe schrie. Auf seinem Hof zu Winkel im Rheingau speiste er t\u00e4glich 300 halbverhungerte Menschen.<\/p>\n<p>Traurig waren sie, als er am 04. Februar 856 starb. Der gelehrte Theologe und Schriftsteller war auch ein gro\u00dfer Dichter. Der Pfingsthymnus\u00c2\u00a0 \u201eKomm Sch\u00f6pfer Geist kehr bei uns ein\u201c wird ihm zugeschrieben.\u00c2\u00a0<\/p>\n<p><img decoding=\"async\" src=\"http:\/\/www.schoene-nachrichten.de\/wp-content\/uploads\/2007\/02\/x_sponsor.gif\" alt=\"x_sponsor.gif\" \/>[local \/wp-content\/uploads\/2008\/02\/080204_Bistum.wmv]<\/p>\n","protected":false},"excerpt":{"rendered":"<div class=\"tmnf_excerpt\"><p>Serie. Am 04. Februar ist der Gedenktag des Heiligen Hrabanus Maurus. Der Name kommt aus dem Alhochdeutschen und bedeutet: der Rabe. Hrabanus Maurus wurde um das Jahr 776 in Mainz geboren. Mit 9 Jahren kam er in das Benediktinerkloster Fulda, wo er eine Erziehung ganz im benediktinischen Sinne erhielt und sich schon mit 15 Jahren &hellip;<\/p>\n<\/div>","protected":false},"author":1,"featured_media":0,"comment_status":"closed","ping_status":"closed","sticky":false,"template":"","format":"standard","meta":{"footnotes":""},"categories":[1,50],"tags":[],"class_list":["post-7691","post","type-post","status-publish","format-standard","hentry","category-startseite","category-kirche"],"_links":{"self":[{"href":"https:\/\/www.fuldaernachrichten.de\/index.php?rest_route=\/wp\/v2\/posts\/7691","targetHints":{"allow":["GET"]}}],"collection":[{"href":"https:\/\/www.fuldaernachrichten.de\/index.php?rest_route=\/wp\/v2\/posts"}],"about":[{"href":"https:\/\/www.fuldaernachrichten.de\/index.php?rest_route=\/wp\/v2\/types\/post"}],"author":[{"embeddable":true,"href":"https:\/\/www.fuldaernachrichten.de\/index.php?rest_route=\/wp\/v2\/users\/1"}],"replies":[{"embeddable":true,"href":"https:\/\/www.fuldaernachrichten.de\/index.php?rest_route=%2Fwp%2Fv2%2Fcomments&post=7691"}],"version-history":[{"count":0,"href":"https:\/\/www.fuldaernachrichten.de\/index.php?rest_route=\/wp\/v2\/posts\/7691\/revisions"}],"wp:attachment":[{"href":"https:\/\/www.fuldaernachrichten.de\/index.php?rest_route=%2Fwp%2Fv2%2Fmedia&parent=7691"}],"wp:term":[{"taxonomy":"category","embeddable":true,"href":"https:\/\/www.fuldaernachrichten.de\/index.php?rest_route=%2Fwp%2Fv2%2Fcategories&post=7691"},{"taxonomy":"post_tag","embeddable":true,"href":"https:\/\/www.fuldaernachrichten.de\/index.php?rest_route=%2Fwp%2Fv2%2Ftags&post=7691"}],"curies":[{"name":"wp","href":"https:\/\/api.w.org\/{rel}","templated":true}]}}