{"id":7687,"date":"2008-02-04T00:05:00","date_gmt":"2008-02-03T23:05:00","guid":{"rendered":"http:\/\/www.schoene-nachrichten.de\/?p=7687"},"modified":"2008-02-04T00:45:08","modified_gmt":"2008-02-03T23:45:08","slug":"vortragsveranstaltung-im-felsenkeller","status":"publish","type":"post","link":"https:\/\/www.fuldaernachrichten.de\/?p=7687","title":{"rendered":"Vortragsveranstaltung im Felsenkeller"},"content":{"rendered":"<p><strong>Termin.<\/strong> \u201eDie Gesellschaft f\u00fcr Wehr- und Sicherheitspolitik, Sektion Fulda, l\u00e4dt zu einem sicherheitspolitischen Vortrag am Mittwoch, dem 13. Februar 2008, um 19.00 Uhr in der Brauereigastst\u00e4tte\u201eFelsenkeller\u201c, Leipziger Str. 12, ein. Zum Thema: \u201eDie russischen Streitkr\u00e4fte heute \u2013 Milit\u00e4risches Instrument einer neuen Weltmacht?\u201c spricht Heinrich Schwabecher, M.A. vom Referat \u201eRussland\u201c der Konrad-Adenauer-Stiftung in Berlin.<\/p>\n","protected":false},"excerpt":{"rendered":"<div class=\"tmnf_excerpt\"><p>Termin. \u201eDie Gesellschaft f\u00fcr Wehr- und Sicherheitspolitik, Sektion Fulda, l\u00e4dt zu einem sicherheitspolitischen Vortrag am Mittwoch, dem 13. Februar 2008, um 19.00 Uhr in der Brauereigastst\u00e4tte\u201eFelsenkeller\u201c, Leipziger Str. 12, ein. Zum Thema: \u201eDie russischen Streitkr\u00e4fte heute \u2013 Milit\u00e4risches Instrument einer neuen Weltmacht?\u201c spricht Heinrich Schwabecher, M.A. vom Referat \u201eRussland\u201c der Konrad-Adenauer-Stiftung in Berlin.<\/p>\n<\/div>","protected":false},"author":1,"featured_media":0,"comment_status":"closed","ping_status":"closed","sticky":false,"template":"","format":"standard","meta":{"footnotes":""},"categories":[1,29],"tags":[],"class_list":["post-7687","post","type-post","status-publish","format-standard","hentry","category-startseite","category-politik"],"_links":{"self":[{"href":"https:\/\/www.fuldaernachrichten.de\/index.php?rest_route=\/wp\/v2\/posts\/7687","targetHints":{"allow":["GET"]}}],"collection":[{"href":"https:\/\/www.fuldaernachrichten.de\/index.php?rest_route=\/wp\/v2\/posts"}],"about":[{"href":"https:\/\/www.fuldaernachrichten.de\/index.php?rest_route=\/wp\/v2\/types\/post"}],"author":[{"embeddable":true,"href":"https:\/\/www.fuldaernachrichten.de\/index.php?rest_route=\/wp\/v2\/users\/1"}],"replies":[{"embeddable":true,"href":"https:\/\/www.fuldaernachrichten.de\/index.php?rest_route=%2Fwp%2Fv2%2Fcomments&post=7687"}],"version-history":[{"count":0,"href":"https:\/\/www.fuldaernachrichten.de\/index.php?rest_route=\/wp\/v2\/posts\/7687\/revisions"}],"wp:attachment":[{"href":"https:\/\/www.fuldaernachrichten.de\/index.php?rest_route=%2Fwp%2Fv2%2Fmedia&parent=7687"}],"wp:term":[{"taxonomy":"category","embeddable":true,"href":"https:\/\/www.fuldaernachrichten.de\/index.php?rest_route=%2Fwp%2Fv2%2Fcategories&post=7687"},{"taxonomy":"post_tag","embeddable":true,"href":"https:\/\/www.fuldaernachrichten.de\/index.php?rest_route=%2Fwp%2Fv2%2Ftags&post=7687"}],"curies":[{"name":"wp","href":"https:\/\/api.w.org\/{rel}","templated":true}]}}