{"id":7666,"date":"2008-02-01T00:44:31","date_gmt":"2008-01-31T23:44:31","guid":{"rendered":"http:\/\/www.schoene-nachrichten.de\/?p=7666"},"modified":"2008-02-01T00:44:31","modified_gmt":"2008-01-31T23:44:31","slug":"verein-natur-und-lebensraum-rhoen-erhaelt-auszeichnung","status":"publish","type":"post","link":"https:\/\/www.fuldaernachrichten.de\/?p=7666","title":{"rendered":"Verein Natur- und Lebensraum Rh\u00f6n erh\u00e4lt Auszeichnung"},"content":{"rendered":"<p><strong>Rh\u00f6n.<\/strong> Im Rahmen des vom Deutschen Verbandes f\u00fcr Landschaftspflege ausgeschriebenen Wettbewerbs \u201eNat\u00fcrlich regional ! 2007\u201c wurde der Verein Natur- und Lebensraum Rh\u00f6n anerkannt und f\u00fcr sein Engagement in den Bereichen Regionalit\u00e4t, Umweltvertr\u00e4glichkeit und Qualit\u00e4tssicherung ausgezeichnet.<!--more--><\/p>\n<p>Die Initiative \u201eNat\u00fcrlich regional !\u201c will einen bewussten Kontrapunkt in unserer globalisierten Welt setzen. Der Grundgedanke ist, regionale Wirtschaftskreisl\u00e4ufe zu st\u00e4rken und damit charakteristische deutsche Landschaften zu erhalten. Charakteristische Landschaften wie die Rh\u00f6n sind ein hohes Gut, nicht nur \u00f6kologisch sondern auch kulturell, wirtschaftlich und sozial.<\/p>\n<p>\u201eNat\u00fcrlich regional!\u201c wirbt f\u00fcr ein gemeinsames miteinander von Landwirten und Natursch\u00fctzer, um diese typischen Landschaften zu erhalten, regionale Produkte wettbewerbsf\u00e4hig zu machen und die in der Region erzeugten Produkte und Dienstleistungen wieder verst\u00e4rkt vor Ort zu vermarkten und ein Bewusstsein f\u00fcr deren speziellen Qualit\u00e4ten zu schaffen. Mindestens 500 solcher Initiativen gibt es mittlerweile. Mit dem Wettbewerb \u201eNat\u00fcrlich regional !\u201c werden diejenigen ausgezeichnet, die besonders umweltvertr\u00e4glich sind, weil sie besonders geringe Transportwege ben\u00f6tigen, innovativ mit Partnern in der Region zusammenarbeiten oder besondere Beitr\u00e4ge f\u00fcr den Naturschutz in der Landschaft leisten.<\/p>\n<p>Mit finanzieller Unterst\u00fctzung des Bundesministeriums f\u00fcr Ern\u00e4hrung, Landwirtschaft und Verbraucherschutz vergibt der Deutsche Verband f\u00fcr Landschaftspflege eine G\u00fctesiegel, mit dem die pr\u00e4mierten Initiativen, zu denen auch der Verein Natur- und Lebensraum Rh\u00f6n z\u00e4hlt, zwei Jahre lang werben d\u00fcrfen. Insgesamt wurden bundesweit 56 Initiativen ausgezeichnet.<\/p>\n<p>Dr. Hubert Beier, 1. Vorsitzender des Vereins Natur- und Lebensraum Rh\u00f6n, freut sich, dass der Verein nach 2005 nunmehr bereits zum zweiten mal die begehrte Auszeichnung bekommen hat.<\/p>\n","protected":false},"excerpt":{"rendered":"<div class=\"tmnf_excerpt\"><p>Rh\u00f6n. Im Rahmen des vom Deutschen Verbandes f\u00fcr Landschaftspflege ausgeschriebenen Wettbewerbs \u201eNat\u00fcrlich regional ! 2007\u201c wurde der Verein Natur- und Lebensraum Rh\u00f6n anerkannt und f\u00fcr sein Engagement in den Bereichen Regionalit\u00e4t, Umweltvertr\u00e4glichkeit und Qualit\u00e4tssicherung ausgezeichnet.<\/p>\n<\/div>","protected":false},"author":1,"featured_media":0,"comment_status":"closed","ping_status":"closed","sticky":false,"template":"","format":"standard","meta":{"footnotes":""},"categories":[1,52],"tags":[],"class_list":["post-7666","post","type-post","status-publish","format-standard","hentry","category-startseite","category-umwelt"],"_links":{"self":[{"href":"https:\/\/www.fuldaernachrichten.de\/index.php?rest_route=\/wp\/v2\/posts\/7666","targetHints":{"allow":["GET"]}}],"collection":[{"href":"https:\/\/www.fuldaernachrichten.de\/index.php?rest_route=\/wp\/v2\/posts"}],"about":[{"href":"https:\/\/www.fuldaernachrichten.de\/index.php?rest_route=\/wp\/v2\/types\/post"}],"author":[{"embeddable":true,"href":"https:\/\/www.fuldaernachrichten.de\/index.php?rest_route=\/wp\/v2\/users\/1"}],"replies":[{"embeddable":true,"href":"https:\/\/www.fuldaernachrichten.de\/index.php?rest_route=%2Fwp%2Fv2%2Fcomments&post=7666"}],"version-history":[{"count":0,"href":"https:\/\/www.fuldaernachrichten.de\/index.php?rest_route=\/wp\/v2\/posts\/7666\/revisions"}],"wp:attachment":[{"href":"https:\/\/www.fuldaernachrichten.de\/index.php?rest_route=%2Fwp%2Fv2%2Fmedia&parent=7666"}],"wp:term":[{"taxonomy":"category","embeddable":true,"href":"https:\/\/www.fuldaernachrichten.de\/index.php?rest_route=%2Fwp%2Fv2%2Fcategories&post=7666"},{"taxonomy":"post_tag","embeddable":true,"href":"https:\/\/www.fuldaernachrichten.de\/index.php?rest_route=%2Fwp%2Fv2%2Ftags&post=7666"}],"curies":[{"name":"wp","href":"https:\/\/api.w.org\/{rel}","templated":true}]}}