{"id":7661,"date":"2008-02-01T00:18:45","date_gmt":"2008-01-31T23:18:45","guid":{"rendered":"http:\/\/www.schoene-nachrichten.de\/?p=7661"},"modified":"2008-02-01T00:18:45","modified_gmt":"2008-01-31T23:18:45","slug":"ob-dankt-allen-wahlhelferinnen-und-wahlhelfern","status":"publish","type":"post","link":"https:\/\/www.fuldaernachrichten.de\/?p=7661","title":{"rendered":"OB dankt allen Wahlhelferinnen und Wahlhelfern"},"content":{"rendered":"<p><strong>Fulda.<\/strong> Viele ehrenamtliche Helfer sowie Mitarbeiter der Stadtverwaltung Fulda\u00c2\u00a0 sorgten in den Wahllokalen wie bei der Ermittlung des vorl\u00e4ufigen Endergebnisses f\u00fcr einen st\u00f6rungsfreien Ablauf der Landtagswahl. Oberb\u00fcrgermeister Gerhard M\u00f6ller dankt allen mit der Vorbereitung und Durchf\u00fchrung der Wahl betrauten Menschen in Fulda.<!--more--><\/p>\n<p>Mit gro\u00dfem Engagement haben in den letzten Wochen nicht nur die Mitarbeiterinnen und Mitarbeiter in der Stadt Fulda gearbeitet, sondern vor allem die \u00fcber 800 ehrenamtlichen Wahlhelferinnen und Wahlhelfer in den Wahlvorst\u00e4nden am vergangenen Sonntag. \u201eSie haben allesamt gute Arbeit geleistet. Nur durch dieses Engagement war der reibungslose Ablauf der Wahl gew\u00e4hrleistet\u201c, bedankt sich M\u00f6ller bei allen Helferinnen und Helfern.<\/p>\n<p>Zahlreiche Wahlhelferinnen und Wahlhelfer sind seit vielen Jahren in den Wahlvorst\u00e4nden t\u00e4tig. Alle, die die Arbeit eines Wahlvorstands hautnah erlebt haben, wissen, wie wichtig es ist, auf diese langj\u00e4hrige Erfahrung zur\u00fcckgreifen zu k\u00f6nnen. Auch allen, die zum ersten Mal dabei waren, dankt der Oberb\u00fcrgermeister, da auch sie ihren pers\u00f6nlichen Beitrag f\u00fcr die Stadt geleistet haben.<\/p>\n","protected":false},"excerpt":{"rendered":"<div class=\"tmnf_excerpt\"><p>Fulda. Viele ehrenamtliche Helfer sowie Mitarbeiter der Stadtverwaltung Fulda\u00c2\u00a0 sorgten in den Wahllokalen wie bei der Ermittlung des vorl\u00e4ufigen Endergebnisses f\u00fcr einen st\u00f6rungsfreien Ablauf der Landtagswahl. Oberb\u00fcrgermeister Gerhard M\u00f6ller dankt allen mit der Vorbereitung und Durchf\u00fchrung der Wahl betrauten Menschen in Fulda.<\/p>\n<\/div>","protected":false},"author":1,"featured_media":0,"comment_status":"closed","ping_status":"closed","sticky":false,"template":"","format":"standard","meta":{"footnotes":""},"categories":[1,29],"tags":[],"class_list":["post-7661","post","type-post","status-publish","format-standard","hentry","category-startseite","category-politik"],"_links":{"self":[{"href":"https:\/\/www.fuldaernachrichten.de\/index.php?rest_route=\/wp\/v2\/posts\/7661","targetHints":{"allow":["GET"]}}],"collection":[{"href":"https:\/\/www.fuldaernachrichten.de\/index.php?rest_route=\/wp\/v2\/posts"}],"about":[{"href":"https:\/\/www.fuldaernachrichten.de\/index.php?rest_route=\/wp\/v2\/types\/post"}],"author":[{"embeddable":true,"href":"https:\/\/www.fuldaernachrichten.de\/index.php?rest_route=\/wp\/v2\/users\/1"}],"replies":[{"embeddable":true,"href":"https:\/\/www.fuldaernachrichten.de\/index.php?rest_route=%2Fwp%2Fv2%2Fcomments&post=7661"}],"version-history":[{"count":0,"href":"https:\/\/www.fuldaernachrichten.de\/index.php?rest_route=\/wp\/v2\/posts\/7661\/revisions"}],"wp:attachment":[{"href":"https:\/\/www.fuldaernachrichten.de\/index.php?rest_route=%2Fwp%2Fv2%2Fmedia&parent=7661"}],"wp:term":[{"taxonomy":"category","embeddable":true,"href":"https:\/\/www.fuldaernachrichten.de\/index.php?rest_route=%2Fwp%2Fv2%2Fcategories&post=7661"},{"taxonomy":"post_tag","embeddable":true,"href":"https:\/\/www.fuldaernachrichten.de\/index.php?rest_route=%2Fwp%2Fv2%2Ftags&post=7661"}],"curies":[{"name":"wp","href":"https:\/\/api.w.org\/{rel}","templated":true}]}}