{"id":760,"date":"2007-01-14T00:00:13","date_gmt":"2007-01-13T23:00:13","guid":{"rendered":"http:\/\/www.schoene-nachrichten.de\/?p=760"},"modified":"2007-01-16T20:47:36","modified_gmt":"2007-01-16T19:47:36","slug":"seminarangebot-ihk-informiert-existenzgrunder","status":"publish","type":"post","link":"https:\/\/www.fuldaernachrichten.de\/?p=760","title":{"rendered":"Seminarangebot: IHK informiert Existenzgr\u00fcnder"},"content":{"rendered":"<p><strong>Sch\u00f6nes aus Fulda.<\/strong> Um Existenzgr\u00fcnder bei der Suche nach Antworten zu unterst\u00fctzen, bietet die Industrie- und Handelskammer Fulda (IHK) am morgigen Montag, 15. Januar 2007, von 14:00 bis 16:00 Uhr eine kostenlose Informationsveranstaltung zur Existenzgr\u00fcndung an.\u00c2\u00a0Weitere Informationen unter Telefonnummer 0661 &#8211; 284-15, Ansprechpartner: Sabrina K\u00fcmmel, <a href=\"mailto:kuemmel@fulda.ihk.de\">kuemmel@fulda.ihk.de<\/a>.<\/p>\n","protected":false},"excerpt":{"rendered":"<div class=\"tmnf_excerpt\"><p>Sch\u00f6nes aus Fulda. Um Existenzgr\u00fcnder bei der Suche nach Antworten zu unterst\u00fctzen, bietet die Industrie- und Handelskammer Fulda (IHK) am morgigen Montag, 15. Januar 2007, von 14:00 bis 16:00 Uhr eine kostenlose Informationsveranstaltung zur Existenzgr\u00fcndung an.\u00c2\u00a0Weitere Informationen unter Telefonnummer 0661 &#8211; 284-15, Ansprechpartner: Sabrina K\u00fcmmel, kuemmel@fulda.ihk.de.<\/p>\n<\/div>","protected":false},"author":1,"featured_media":0,"comment_status":"closed","ping_status":"closed","sticky":false,"template":"","format":"standard","meta":{"footnotes":""},"categories":[1,53],"tags":[],"class_list":["post-760","post","type-post","status-publish","format-standard","hentry","category-startseite","category-bildung"],"_links":{"self":[{"href":"https:\/\/www.fuldaernachrichten.de\/index.php?rest_route=\/wp\/v2\/posts\/760","targetHints":{"allow":["GET"]}}],"collection":[{"href":"https:\/\/www.fuldaernachrichten.de\/index.php?rest_route=\/wp\/v2\/posts"}],"about":[{"href":"https:\/\/www.fuldaernachrichten.de\/index.php?rest_route=\/wp\/v2\/types\/post"}],"author":[{"embeddable":true,"href":"https:\/\/www.fuldaernachrichten.de\/index.php?rest_route=\/wp\/v2\/users\/1"}],"replies":[{"embeddable":true,"href":"https:\/\/www.fuldaernachrichten.de\/index.php?rest_route=%2Fwp%2Fv2%2Fcomments&post=760"}],"version-history":[{"count":0,"href":"https:\/\/www.fuldaernachrichten.de\/index.php?rest_route=\/wp\/v2\/posts\/760\/revisions"}],"wp:attachment":[{"href":"https:\/\/www.fuldaernachrichten.de\/index.php?rest_route=%2Fwp%2Fv2%2Fmedia&parent=760"}],"wp:term":[{"taxonomy":"category","embeddable":true,"href":"https:\/\/www.fuldaernachrichten.de\/index.php?rest_route=%2Fwp%2Fv2%2Fcategories&post=760"},{"taxonomy":"post_tag","embeddable":true,"href":"https:\/\/www.fuldaernachrichten.de\/index.php?rest_route=%2Fwp%2Fv2%2Ftags&post=760"}],"curies":[{"name":"wp","href":"https:\/\/api.w.org\/{rel}","templated":true}]}}