{"id":758,"date":"2007-01-14T16:01:17","date_gmt":"2007-01-14T15:01:17","guid":{"rendered":"http:\/\/www.schoene-nachrichten.de\/?p=758"},"modified":"2007-01-13T23:09:26","modified_gmt":"2007-01-13T22:09:26","slug":"perspektive-himmelmann-arbeit-fur-vier-50-pluser","status":"publish","type":"post","link":"https:\/\/www.fuldaernachrichten.de\/?p=758","title":{"rendered":"&#8220;Perspektive Himmelmann&#8221; &#8211; Arbeit f\u00fcr vier &#8220;50-Plus&#8221;er"},"content":{"rendered":"<p><a title=\"Foto: Stadt Fulda\" href=\"http:\/\/www.schoene-nachrichten.de\/wp-content\/uploads\/2007\/01\/070113_handwerk_02.jpg\" target=\"_blank\"><img decoding=\"async\" id=\"image754\" height=\"96\" alt=\"070113_handwerk_02.jpg\" src=\"http:\/\/www.schoene-nachrichten.de\/wp-content\/uploads\/2007\/01\/070113_handwerk_02.thumbnail.jpg\" \/><\/a>\u00c2\u00a0<a title=\"Foto: Stadt Fulda\" href=\"http:\/\/www.schoene-nachrichten.de\/wp-content\/uploads\/2007\/01\/070113_handwerk_04.jpg\" target=\"_blank\"><img decoding=\"async\" id=\"image756\" style=\"height: 97px\" height=\"97\" alt=\"070113_handwerk_04.jpg\" src=\"http:\/\/www.schoene-nachrichten.de\/wp-content\/uploads\/2007\/01\/070113_handwerk_04.thumbnail.jpg\" width=\"129\" \/><\/a>\u00c2\u00a0<a title=\"Foto: Stadt Fulda\" href=\"http:\/\/www.schoene-nachrichten.de\/wp-content\/uploads\/2007\/01\/070113_handwerk_03.jpg\" target=\"_blank\"><img decoding=\"async\" id=\"image755\" height=\"96\" alt=\"070113_handwerk_03.jpg\" src=\"http:\/\/www.schoene-nachrichten.de\/wp-content\/uploads\/2007\/01\/070113_handwerk_03.thumbnail.jpg\" \/><\/a><\/p>\n<p>\u00c2\u00a0<\/p>\n<p>\u00c2\u00a0<\/p>\n<p><strong>Sch\u00f6nes aus\u00c2\u00a0Fulda.<\/strong>\u00c2\u00a0Der Name Paul Himmelmann ist in der Region Fulda bekannt &#8211; nicht nur wegen der<strong> <\/strong>gleichnamigen Maschinenbaufirma.<strong> <\/strong>Vor wenigen Wochen wurde\u00c2\u00a0Paul Himmelmann von Vizekanzler Franz M\u00fcntefering als &#8220;Unternehmer mit Weitblick&#8221; ausgezeichnet.\u00c2\u00a0Und wie es scheint, ist der 75-j\u00e4hrige Seniorchef, dessen Unternehmen aus Gro\u00dfenl\u00fcder-Uffhausen stammt, unerm\u00fcdlich dabei, neue Ideen zu kreieren und vor allem umzusetzen. J\u00fcngstes Kind aus der \u201eHimmelmann-Ideenschmiede\u201c, der Firma\u00c2\u00a0Bohrma im Fuldaer Industriepark West, ist ein Intensivkurs in der CNC-Technik f\u00fcr Arbeitslose im Rahmen des Programms \u201e50 Plus\u201c.<\/p>\n<p>\u00c2\u00a0<\/p>\n<p><!--more-->Zehn\u00c2\u00a0Wochen lang dr\u00fccken die Kursteilnehmer, die \u00fcber die Agentur f\u00fcr Arbeit an die Himmelmann-Firma Bohrma vermittelt werden, die \u201eSchulbank\u201c. Mit dem Ergebnis des ersten Kurses sind Himmelmann und Sohn Martin hoch zufrieden. Vier Teilnehmer konnten \u00fcbernommen werden und geh\u00f6ren nun der Stammmannschaft des expandierenden Spezialunternehmens an.<\/p>\n<p>\u00c2\u00a0<\/p>\n<p>Froh ist indes nicht nur das Familienunternehmen \u00fcber neues qualifiziertes Personal, sondern auch die Teilnehmer selbst. Himmelmann: \u201eSie sind dankbar, noch einmal eine Chance bekommen zu haben.\u201c Im bestehenden Werk in Uffhausen hat sich die Firma Himmelmann auf Einzelanfertigungen und Sonderteile spezialisiert. Im neuen Betrieb im Industriepark West mit seinen 20 Besch\u00e4ftigten, von denen vier Auszubildende sind, produziert Bohrma alles, was mit Tiefbohrungen zu tun hat\u201c, erl\u00e4utert Martin Himmelmann. Gewinderohre f\u00fcr die Erdw\u00e4rme geh\u00f6ren ebenso dazu wie das notwendige Material f\u00fcr Baugrundsicherung.<\/p>\n<p>\u00c2\u00a0<\/p>\n<p><a title=\"Foto: Stadt Fulda\" href=\"http:\/\/www.schoene-nachrichten.de\/wp-content\/uploads\/2007\/01\/070113_handwerk_05.jpg\" target=\"_blank\"><img decoding=\"async\" id=\"image757\" height=\"96\" alt=\"070113_handwerk_05.jpg\" src=\"http:\/\/www.schoene-nachrichten.de\/wp-content\/uploads\/2007\/01\/070113_handwerk_05.thumbnail.jpg\" \/><\/a>\u00c2\u00a0<a title=\"Foto: Stadt Fulda\" href=\"http:\/\/www.schoene-nachrichten.de\/wp-content\/uploads\/2007\/01\/070113_handwerk_01.jpg\" target=\"_blank\"><img decoding=\"async\" id=\"image753\" height=\"96\" alt=\"070113_handwerk_01.jpg\" src=\"http:\/\/www.schoene-nachrichten.de\/wp-content\/uploads\/2007\/01\/070113_handwerk_01.thumbnail.jpg\" \/><\/a><\/p>\n<p>\u00c2\u00a0<\/p>\n<p>\u201e\u00dcberall in der Welt wird gebohrt\u201c, schmunzelt Vater Paul Himmelmann und berichtet, dass 60 bis 70\u00c2\u00a0Prozent der Produktion in den Export geht. Von Kanada bis nach Kasachstan, nach Spanien, Osteuropa und in die Schweiz. Aber auch in Deutschland und in den benachbarten Niederlanden war Technik aus der Region im Einsatz. Himmelmann lieferte Bohrmaterial f\u00fcr die Arbeiten am Potsdamer Platz, den U-Bahn-Bau in Leipzig und in Amsterdam.<\/p>\n<p>\u00c2\u00a0<\/p>\n<p>\u00dcberrascht zeigte sich Fuldas OB Gerhard M\u00f6ller bei seinem Firmenbesuch von der Schnelligkeit, mit der sich der Fuldaer Betriebsstandort entwickelt. Zwar ist das Gel\u00e4nde mit Hallen bereits seit einiger Zeit im Besitz der Familie Himmelmann. Doch erst im Oktober hat Bohrma am Standort im Industriepark West mit dem Betrieb begonnen und entwickelt sich erfreulich gut und schnell. Viel Lob gab es deshalb vom OB f\u00fcr die das Engagement des\u00c2\u00a0familiengef\u00fchrten Unternehmens, das aus einer Initiative von Paul Himmelmann hervorgegangen ist, der \u00fcber 25 Jahre als Dreher bei den \u201eGummiwerken\u201c gearbeitet hat.<\/p>\n<p>\u00c2\u00a0<\/p>\n<p>Firmenbesichtigungen, so M\u00f6ller, geh\u00f6rten f\u00fcr ihn als Wirtschaftsdezernent der Stadt zum festen Programm seiner Bem\u00fchungen um die Standortf\u00f6rderung. \u201eIch bin jedes Mal wieder \u00fcberrascht, was bei uns in Fulda alles hergestellt wird.&#8221; Paul Himmelmann betonte, wie wichtig auch f\u00fcr das heimische Unternehmen der Besuch des Oberb\u00fcrgermeisters ist. Er unterstreiche die Verbundenheit des Wirtschaftsdezernenten und den \u201eengen Draht\u201c zwischen Verwaltung und Wirtschaft.<\/p>\n","protected":false},"excerpt":{"rendered":"<div class=\"tmnf_excerpt\"><p>\u00c2\u00a0\u00c2\u00a0 \u00c2\u00a0 \u00c2\u00a0 Sch\u00f6nes aus\u00c2\u00a0Fulda.\u00c2\u00a0Der Name Paul Himmelmann ist in der Region Fulda bekannt &#8211; nicht nur wegen der gleichnamigen Maschinenbaufirma. Vor wenigen Wochen wurde\u00c2\u00a0Paul Himmelmann von Vizekanzler Franz M\u00fcntefering als &#8220;Unternehmer mit Weitblick&#8221; ausgezeichnet.\u00c2\u00a0Und wie es scheint, ist der 75-j\u00e4hrige Seniorchef, dessen Unternehmen aus Gro\u00dfenl\u00fcder-Uffhausen stammt, unerm\u00fcdlich dabei, neue Ideen zu kreieren und vor &hellip;<\/p>\n<\/div>","protected":false},"author":1,"featured_media":0,"comment_status":"closed","ping_status":"closed","sticky":false,"template":"","format":"standard","meta":{"footnotes":""},"categories":[1,29],"tags":[],"class_list":["post-758","post","type-post","status-publish","format-standard","hentry","category-startseite","category-politik"],"_links":{"self":[{"href":"https:\/\/www.fuldaernachrichten.de\/index.php?rest_route=\/wp\/v2\/posts\/758","targetHints":{"allow":["GET"]}}],"collection":[{"href":"https:\/\/www.fuldaernachrichten.de\/index.php?rest_route=\/wp\/v2\/posts"}],"about":[{"href":"https:\/\/www.fuldaernachrichten.de\/index.php?rest_route=\/wp\/v2\/types\/post"}],"author":[{"embeddable":true,"href":"https:\/\/www.fuldaernachrichten.de\/index.php?rest_route=\/wp\/v2\/users\/1"}],"replies":[{"embeddable":true,"href":"https:\/\/www.fuldaernachrichten.de\/index.php?rest_route=%2Fwp%2Fv2%2Fcomments&post=758"}],"version-history":[{"count":0,"href":"https:\/\/www.fuldaernachrichten.de\/index.php?rest_route=\/wp\/v2\/posts\/758\/revisions"}],"wp:attachment":[{"href":"https:\/\/www.fuldaernachrichten.de\/index.php?rest_route=%2Fwp%2Fv2%2Fmedia&parent=758"}],"wp:term":[{"taxonomy":"category","embeddable":true,"href":"https:\/\/www.fuldaernachrichten.de\/index.php?rest_route=%2Fwp%2Fv2%2Fcategories&post=758"},{"taxonomy":"post_tag","embeddable":true,"href":"https:\/\/www.fuldaernachrichten.de\/index.php?rest_route=%2Fwp%2Fv2%2Ftags&post=758"}],"curies":[{"name":"wp","href":"https:\/\/api.w.org\/{rel}","templated":true}]}}