{"id":7529,"date":"2008-01-22T13:40:38","date_gmt":"2008-01-22T12:40:38","guid":{"rendered":"http:\/\/www.schoene-nachrichten.de\/?p=7529"},"modified":"2008-01-22T13:42:21","modified_gmt":"2008-01-22T12:42:21","slug":"abwasserverband-fulda-feiert-40-jaehriges-bestehen","status":"publish","type":"post","link":"https:\/\/www.fuldaernachrichten.de\/?p=7529","title":{"rendered":"Abwasserverband Fulda feiert 40-j\u00e4hriges Bestehen"},"content":{"rendered":"<p><strong>Fulda.<\/strong> Vor 40 Jahren, am 01. Januar 1968, wurde der Abwasserverband Fulda gegr\u00fcndet. Der 40. Jahrestag wurde gestern Abend im F\u00fcrstensaal des Stadtschosses mit einer festlichen Veranstaltung gefeiert. Die Verbandsvorsitzende, Stadtbaur\u00e4tin Cornelia Zuschke und die Vorsitzende der Verbandsversammlung, Margarete Hartmann, konnten \u00fcber 300 G\u00e4ste darunter zahlreiche Politiker, Gesch\u00e4ftspartner des Abwasserverbandes (AVF) B\u00fcrgermeister und Vertreter der Nachbargemeinden und Nachbarverb\u00e4nde sowie Mitarbeiterinnen und Mitarbeiter\u00c2\u00a0 des AVF begr\u00fc\u00dfen.<\/p>\n<p><strong>Fotos (60):<\/strong> Max Colin Heydenreich<\/p>\n<p><a rel=\"lightbox[roadtrip]\" target=\"_blank\" href=\"http:\/\/www.schoene-nachrichten.de\/wp-content\/uploads\/2008\/01\/080122_Abwasserverband_01.jpg\" title=\"Foto: Max Colin Heydenreich\"><img decoding=\"async\" width=\"128\" src=\"http:\/\/www.schoene-nachrichten.de\/wp-content\/uploads\/2008\/01\/080122_Abwasserverband_01.thumbnail.jpg\" alt=\"080122_Abwasserverband_01.jpg\" \/><\/a>\u00c2\u00a0<a rel=\"lightbox[roadtrip]\" target=\"_blank\" href=\"http:\/\/www.schoene-nachrichten.de\/wp-content\/uploads\/2008\/01\/080122_Abwasserverband_18.jpg\" title=\"Foto: Max Colin Heydenreich\"><img decoding=\"async\" width=\"128\" src=\"http:\/\/www.schoene-nachrichten.de\/wp-content\/uploads\/2008\/01\/080122_Abwasserverband_18.thumbnail.jpg\" alt=\"080122_Abwasserverband_18.jpg\" \/><\/a> <a rel=\"lightbox[roadtrip]\" target=\"_blank\" href=\"http:\/\/www.schoene-nachrichten.de\/wp-content\/uploads\/2008\/01\/080122_Abwasserverband_20.jpg\" title=\"Foto: Max Colin Heydenreich\"><img decoding=\"async\" width=\"128\" src=\"http:\/\/www.schoene-nachrichten.de\/wp-content\/uploads\/2008\/01\/080122_Abwasserverband_20.thumbnail.jpg\" alt=\"080122_Abwasserverband_20.jpg\" \/><\/a><\/p>\n<p><a rel=\"lightbox[roadtrip]\" target=\"_blank\" href=\"http:\/\/www.schoene-nachrichten.de\/wp-content\/uploads\/2008\/01\/080122_Abwasserverband_11.jpg\" title=\"Foto: Max Colin Heydenreich\"><img decoding=\"async\" width=\"128\" src=\"http:\/\/www.schoene-nachrichten.de\/wp-content\/uploads\/2008\/01\/080122_Abwasserverband_11.thumbnail.jpg\" alt=\"080122_Abwasserverband_11.jpg\" \/><\/a>\u00c2\u00a0<a rel=\"lightbox[roadtrip]\" target=\"_blank\" href=\"http:\/\/www.schoene-nachrichten.de\/wp-content\/uploads\/2008\/01\/080122_Abwasserverband_33.jpg\" title=\"Foto: Max Colin Heydenreich\"><img decoding=\"async\" width=\"128\" src=\"http:\/\/www.schoene-nachrichten.de\/wp-content\/uploads\/2008\/01\/080122_Abwasserverband_33.thumbnail.jpg\" alt=\"080122_Abwasserverband_33.jpg\" \/><\/a>\u00c2\u00a0<a rel=\"lightbox[roadtrip]\" target=\"_blank\" href=\"http:\/\/www.schoene-nachrichten.de\/wp-content\/uploads\/2008\/01\/080122_Abwasserverband_04.jpg\" title=\"Foto: Max Colin Heydenreich\"><img decoding=\"async\" width=\"128\" src=\"http:\/\/www.schoene-nachrichten.de\/wp-content\/uploads\/2008\/01\/080122_Abwasserverband_04.thumbnail.jpg\" alt=\"080122_Abwasserverband_04.jpg\" \/><\/a><\/p>\n<p><!--more-->Nach einem Referat \u00fcber die Geschichte des Abwasserverbandes, das von der Stadtbaur\u00e4tin gehalten wurde, \u00fcberbrachten Regierungspr\u00e4sident Lutz Klein und Landrat Bernd Woide Gru\u00dfworte zum Jubil\u00e4um. Dr. Harald Hissl vom Fraunhofer Institut f\u00fcr System- und Innovationsforschung in Karlsruhe hielt einen Festvortrag mit dem Thema \u201eStadt-Land-Flu\u00df, Siedlungswasserwirtschaft im Umbruch\u201c. Umrahmt wurde die Veranstaltung durch das Saxophonensemble \u201eSax and More\u201c unter der Leitung von Willi Gen\u00dfler.<\/p>\n<p><a rel=\"lightbox[roadtrip]\" target=\"_blank\" href=\"http:\/\/www.schoene-nachrichten.de\/wp-content\/uploads\/2008\/01\/080122_Abwasserverband_02.jpg\" title=\"Foto: Max Colin Heydenreich\"><img decoding=\"async\" width=\"128\" src=\"http:\/\/www.schoene-nachrichten.de\/wp-content\/uploads\/2008\/01\/080122_Abwasserverband_02.thumbnail.jpg\" alt=\"080122_Abwasserverband_02.jpg\" \/><\/a> <a rel=\"lightbox[roadtrip]\" target=\"_blank\" href=\"http:\/\/www.schoene-nachrichten.de\/wp-content\/uploads\/2008\/01\/080122_Abwasserverband_03.jpg\" title=\"Foto: Max Colin Heydenreich\"><img decoding=\"async\" width=\"128\" src=\"http:\/\/www.schoene-nachrichten.de\/wp-content\/uploads\/2008\/01\/080122_Abwasserverband_03.thumbnail.jpg\" alt=\"080122_Abwasserverband_03.jpg\" \/><\/a> <a rel=\"lightbox[roadtrip]\" target=\"_blank\" href=\"http:\/\/www.schoene-nachrichten.de\/wp-content\/uploads\/2008\/01\/080122_Abwasserverband_21.jpg\" title=\"Foto: Max Colin Heydenreich\"><img decoding=\"async\" width=\"128\" src=\"http:\/\/www.schoene-nachrichten.de\/wp-content\/uploads\/2008\/01\/080122_Abwasserverband_21.thumbnail.jpg\" alt=\"080122_Abwasserverband_21.jpg\" \/><\/a><\/p>\n<p><a rel=\"lightbox[roadtrip]\" target=\"_blank\" href=\"http:\/\/www.schoene-nachrichten.de\/wp-content\/uploads\/2008\/01\/080122_Abwasserverband_05.jpg\" title=\"Foto: Max Colin Heydenreich\"><img decoding=\"async\" width=\"128\" src=\"http:\/\/www.schoene-nachrichten.de\/wp-content\/uploads\/2008\/01\/080122_Abwasserverband_05.thumbnail.jpg\" alt=\"080122_Abwasserverband_05.jpg\" \/><\/a> <a rel=\"lightbox[roadtrip]\" target=\"_blank\" href=\"http:\/\/www.schoene-nachrichten.de\/wp-content\/uploads\/2008\/01\/080122_Abwasserverband_06.jpg\" title=\"Foto: Max Colin Heydenreich\"><img decoding=\"async\" width=\"128\" src=\"http:\/\/www.schoene-nachrichten.de\/wp-content\/uploads\/2008\/01\/080122_Abwasserverband_06.thumbnail.jpg\" alt=\"080122_Abwasserverband_06.jpg\" \/><\/a> <a rel=\"lightbox[roadtrip]\" target=\"_blank\" href=\"http:\/\/www.schoene-nachrichten.de\/wp-content\/uploads\/2008\/01\/080122_Abwasserverband_07.jpg\" title=\"Foto: Max Colin Heydenreich\"><img decoding=\"async\" width=\"128\" src=\"http:\/\/www.schoene-nachrichten.de\/wp-content\/uploads\/2008\/01\/080122_Abwasserverband_07.thumbnail.jpg\" alt=\"080122_Abwasserverband_07.jpg\" \/><\/a><\/p>\n<p><a rel=\"lightbox[roadtrip]\" target=\"_blank\" href=\"http:\/\/www.schoene-nachrichten.de\/wp-content\/uploads\/2008\/01\/080122_Abwasserverband_08.jpg\" title=\"Foto: Max Colin Heydenreich\"><img decoding=\"async\" width=\"128\" src=\"http:\/\/www.schoene-nachrichten.de\/wp-content\/uploads\/2008\/01\/080122_Abwasserverband_08.thumbnail.jpg\" alt=\"080122_Abwasserverband_08.jpg\" \/><\/a> <a rel=\"lightbox[roadtrip]\" target=\"_blank\" href=\"http:\/\/www.schoene-nachrichten.de\/wp-content\/uploads\/2008\/01\/080122_Abwasserverband_09.jpg\" title=\"Foto: Max Colin Heydenreich\"><img decoding=\"async\" width=\"128\" src=\"http:\/\/www.schoene-nachrichten.de\/wp-content\/uploads\/2008\/01\/080122_Abwasserverband_09.thumbnail.jpg\" alt=\"080122_Abwasserverband_09.jpg\" \/><\/a> <a rel=\"lightbox[roadtrip]\" target=\"_blank\" href=\"http:\/\/www.schoene-nachrichten.de\/wp-content\/uploads\/2008\/01\/080122_Abwasserverband_10.jpg\" title=\"Foto: Max Colin Heydenreich\"><img decoding=\"async\" width=\"128\" src=\"http:\/\/www.schoene-nachrichten.de\/wp-content\/uploads\/2008\/01\/080122_Abwasserverband_10.thumbnail.jpg\" alt=\"080122_Abwasserverband_10.jpg\" \/><\/a>\u00c2\u00a0<\/p>\n<p><a rel=\"lightbox[roadtrip]\" target=\"_blank\" href=\"http:\/\/www.schoene-nachrichten.de\/wp-content\/uploads\/2008\/01\/080122_Abwasserverband_13.jpg\" title=\"Foto: Max Colin Heydenreich\"><img decoding=\"async\" width=\"128\" src=\"http:\/\/www.schoene-nachrichten.de\/wp-content\/uploads\/2008\/01\/080122_Abwasserverband_13.thumbnail.jpg\" alt=\"080122_Abwasserverband_13.jpg\" \/><\/a> <a rel=\"lightbox[roadtrip]\" target=\"_blank\" href=\"http:\/\/www.schoene-nachrichten.de\/wp-content\/uploads\/2008\/01\/080122_Abwasserverband_14.jpg\" title=\"Foto: Max Colin Heydenreich\"><img decoding=\"async\" width=\"128\" src=\"http:\/\/www.schoene-nachrichten.de\/wp-content\/uploads\/2008\/01\/080122_Abwasserverband_14.thumbnail.jpg\" alt=\"080122_Abwasserverband_14.jpg\" \/><\/a> <a rel=\"lightbox[roadtrip]\" target=\"_blank\" href=\"http:\/\/www.schoene-nachrichten.de\/wp-content\/uploads\/2008\/01\/080122_Abwasserverband_15.jpg\" title=\"Foto: Max Colin Heydenreich\"><img decoding=\"async\" width=\"128\" src=\"http:\/\/www.schoene-nachrichten.de\/wp-content\/uploads\/2008\/01\/080122_Abwasserverband_15.thumbnail.jpg\" alt=\"080122_Abwasserverband_15.jpg\" \/><\/a><\/p>\n<p><a rel=\"lightbox[roadtrip]\" target=\"_blank\" href=\"http:\/\/www.schoene-nachrichten.de\/wp-content\/uploads\/2008\/01\/080122_Abwasserverband_16.jpg\" title=\"Foto: Max Colin Heydenreich\"><img decoding=\"async\" width=\"128\" src=\"http:\/\/www.schoene-nachrichten.de\/wp-content\/uploads\/2008\/01\/080122_Abwasserverband_16.thumbnail.jpg\" alt=\"080122_Abwasserverband_16.jpg\" \/><\/a> <a rel=\"lightbox[roadtrip]\" target=\"_blank\" href=\"http:\/\/www.schoene-nachrichten.de\/wp-content\/uploads\/2008\/01\/080122_Abwasserverband_17.jpg\" title=\"Foto: Max Colin Heydenreich\"><img decoding=\"async\" width=\"128\" src=\"http:\/\/www.schoene-nachrichten.de\/wp-content\/uploads\/2008\/01\/080122_Abwasserverband_17.thumbnail.jpg\" alt=\"080122_Abwasserverband_17.jpg\" \/><\/a> <a rel=\"lightbox[roadtrip]\" target=\"_blank\" href=\"http:\/\/www.schoene-nachrichten.de\/wp-content\/uploads\/2008\/01\/080122_Abwasserverband_19.jpg\" title=\"Foto: Max Colin Heydenreich\"><img decoding=\"async\" width=\"128\" src=\"http:\/\/www.schoene-nachrichten.de\/wp-content\/uploads\/2008\/01\/080122_Abwasserverband_19.thumbnail.jpg\" alt=\"080122_Abwasserverband_19.jpg\" \/><\/a>\u00c2\u00a0<\/p>\n<p><a rel=\"lightbox[roadtrip]\" target=\"_blank\" href=\"http:\/\/www.schoene-nachrichten.de\/wp-content\/uploads\/2008\/01\/080122_Abwasserverband_22.jpg\" title=\"Foto: Max Colin Heydenreich\"><img decoding=\"async\" width=\"128\" src=\"http:\/\/www.schoene-nachrichten.de\/wp-content\/uploads\/2008\/01\/080122_Abwasserverband_22.thumbnail.jpg\" alt=\"080122_Abwasserverband_22.jpg\" \/><\/a> <a rel=\"lightbox[roadtrip]\" target=\"_blank\" href=\"http:\/\/www.schoene-nachrichten.de\/wp-content\/uploads\/2008\/01\/080122_Abwasserverband_23.jpg\" title=\"Foto: Max Colin Heydenreich\"><img decoding=\"async\" width=\"128\" src=\"http:\/\/www.schoene-nachrichten.de\/wp-content\/uploads\/2008\/01\/080122_Abwasserverband_23.thumbnail.jpg\" alt=\"080122_Abwasserverband_23.jpg\" \/><\/a> <a rel=\"lightbox[roadtrip]\" target=\"_blank\" href=\"http:\/\/www.schoene-nachrichten.de\/wp-content\/uploads\/2008\/01\/080122_Abwasserverband_24.jpg\" title=\"Foto: Max Colin Heydenreich\"><img decoding=\"async\" width=\"128\" src=\"http:\/\/www.schoene-nachrichten.de\/wp-content\/uploads\/2008\/01\/080122_Abwasserverband_24.thumbnail.jpg\" alt=\"080122_Abwasserverband_24.jpg\" \/><\/a><\/p>\n<p><a rel=\"lightbox[roadtrip]\" target=\"_blank\" href=\"http:\/\/www.schoene-nachrichten.de\/wp-content\/uploads\/2008\/01\/080122_Abwasserverband_25.jpg\" title=\"Foto: Max Colin Heydenreich\"><img decoding=\"async\" width=\"128\" src=\"http:\/\/www.schoene-nachrichten.de\/wp-content\/uploads\/2008\/01\/080122_Abwasserverband_25.thumbnail.jpg\" alt=\"080122_Abwasserverband_25.jpg\" \/><\/a> <a rel=\"lightbox[roadtrip]\" target=\"_blank\" href=\"http:\/\/www.schoene-nachrichten.de\/wp-content\/uploads\/2008\/01\/080122_Abwasserverband_26.jpg\" title=\"Foto: Max Colin Heydenreich\"><img decoding=\"async\" width=\"128\" src=\"http:\/\/www.schoene-nachrichten.de\/wp-content\/uploads\/2008\/01\/080122_Abwasserverband_26.thumbnail.jpg\" alt=\"080122_Abwasserverband_26.jpg\" \/><\/a> <a rel=\"lightbox[roadtrip]\" target=\"_blank\" href=\"http:\/\/www.schoene-nachrichten.de\/wp-content\/uploads\/2008\/01\/080122_Abwasserverband_27.jpg\" title=\"Foto: Max Colin Heydenreich\"><img decoding=\"async\" width=\"128\" src=\"http:\/\/www.schoene-nachrichten.de\/wp-content\/uploads\/2008\/01\/080122_Abwasserverband_27.thumbnail.jpg\" alt=\"080122_Abwasserverband_27.jpg\" \/><\/a><\/p>\n<p><a rel=\"lightbox[roadtrip]\" target=\"_blank\" href=\"http:\/\/www.schoene-nachrichten.de\/wp-content\/uploads\/2008\/01\/080122_Abwasserverband_28.jpg\" title=\"Foto: Max Colin Heydenreich\"><img decoding=\"async\" width=\"128\" src=\"http:\/\/www.schoene-nachrichten.de\/wp-content\/uploads\/2008\/01\/080122_Abwasserverband_28.thumbnail.jpg\" alt=\"080122_Abwasserverband_28.jpg\" \/><\/a> <a rel=\"lightbox[roadtrip]\" target=\"_blank\" href=\"http:\/\/www.schoene-nachrichten.de\/wp-content\/uploads\/2008\/01\/080122_Abwasserverband_29.jpg\" title=\"Foto: Max Colin Heydenreich\"><img decoding=\"async\" width=\"128\" src=\"http:\/\/www.schoene-nachrichten.de\/wp-content\/uploads\/2008\/01\/080122_Abwasserverband_29.thumbnail.jpg\" alt=\"080122_Abwasserverband_29.jpg\" \/><\/a> <a rel=\"lightbox[roadtrip]\" target=\"_blank\" href=\"http:\/\/www.schoene-nachrichten.de\/wp-content\/uploads\/2008\/01\/080122_Abwasserverband_30.jpg\" title=\"Foto: Max Colin Heydenreich\"><img decoding=\"async\" width=\"128\" src=\"http:\/\/www.schoene-nachrichten.de\/wp-content\/uploads\/2008\/01\/080122_Abwasserverband_30.thumbnail.jpg\" alt=\"080122_Abwasserverband_30.jpg\" \/><\/a><\/p>\n<p><a rel=\"lightbox[roadtrip]\" target=\"_blank\" href=\"http:\/\/www.schoene-nachrichten.de\/wp-content\/uploads\/2008\/01\/080122_Abwasserverband_31.jpg\" title=\"Foto: Max Colin Heydenreich\"><img decoding=\"async\" width=\"128\" src=\"http:\/\/www.schoene-nachrichten.de\/wp-content\/uploads\/2008\/01\/080122_Abwasserverband_31.thumbnail.jpg\" alt=\"080122_Abwasserverband_31.jpg\" \/><\/a> <a rel=\"lightbox[roadtrip]\" target=\"_blank\" href=\"http:\/\/www.schoene-nachrichten.de\/wp-content\/uploads\/2008\/01\/080122_Abwasserverband_32.jpg\" title=\"Foto: Max Colin Heydenreich\"><img decoding=\"async\" width=\"128\" src=\"http:\/\/www.schoene-nachrichten.de\/wp-content\/uploads\/2008\/01\/080122_Abwasserverband_32.thumbnail.jpg\" alt=\"080122_Abwasserverband_32.jpg\" \/><\/a> <a rel=\"lightbox[roadtrip]\" target=\"_blank\" href=\"http:\/\/www.schoene-nachrichten.de\/wp-content\/uploads\/2008\/01\/080122_Abwasserverband_12.jpg\" title=\"Foto: Max Colin Heydenreich\"><img decoding=\"async\" width=\"128\" src=\"http:\/\/www.schoene-nachrichten.de\/wp-content\/uploads\/2008\/01\/080122_Abwasserverband_12.thumbnail.jpg\" alt=\"080122_Abwasserverband_12.jpg\" \/><\/a><\/p>\n<p><a rel=\"lightbox[roadtrip]\" target=\"_blank\" href=\"http:\/\/www.schoene-nachrichten.de\/wp-content\/uploads\/2008\/01\/080122_Abwasserverband_34.jpg\" title=\"Foto: Max Colin Heydenreich\"><img decoding=\"async\" width=\"128\" src=\"http:\/\/www.schoene-nachrichten.de\/wp-content\/uploads\/2008\/01\/080122_Abwasserverband_34.thumbnail.jpg\" alt=\"080122_Abwasserverband_34.jpg\" \/><\/a> <a rel=\"lightbox[roadtrip]\" target=\"_blank\" href=\"http:\/\/www.schoene-nachrichten.de\/wp-content\/uploads\/2008\/01\/080122_Abwasserverband_35.jpg\" title=\"Foto: Max Colin Heydenreich\"><img decoding=\"async\" width=\"128\" src=\"http:\/\/www.schoene-nachrichten.de\/wp-content\/uploads\/2008\/01\/080122_Abwasserverband_35.thumbnail.jpg\" alt=\"080122_Abwasserverband_35.jpg\" \/><\/a> <a rel=\"lightbox[roadtrip]\" target=\"_blank\" href=\"http:\/\/www.schoene-nachrichten.de\/wp-content\/uploads\/2008\/01\/080122_Abwasserverband_60.jpg\" title=\"Foto: Max Colin Heydenreich\"><img decoding=\"async\" width=\"128\" src=\"http:\/\/www.schoene-nachrichten.de\/wp-content\/uploads\/2008\/01\/080122_Abwasserverband_60.thumbnail.jpg\" alt=\"080122_Abwasserverband_60.jpg\" \/><\/a>\u00c2\u00a0<\/p>\n<p><a rel=\"lightbox[roadtrip]\" target=\"_blank\" href=\"http:\/\/www.schoene-nachrichten.de\/wp-content\/uploads\/2008\/01\/080122_Abwasserverband_37.jpg\" title=\"Foto: Max Colin Heydenreich\"><img decoding=\"async\" width=\"128\" src=\"http:\/\/www.schoene-nachrichten.de\/wp-content\/uploads\/2008\/01\/080122_Abwasserverband_37.thumbnail.jpg\" alt=\"080122_Abwasserverband_37.jpg\" \/><\/a> <a rel=\"lightbox[roadtrip]\" target=\"_blank\" href=\"http:\/\/www.schoene-nachrichten.de\/wp-content\/uploads\/2008\/01\/080122_Abwasserverband_38.jpg\" title=\"Foto: Max Colin Heydenreich\"><img decoding=\"async\" width=\"128\" src=\"http:\/\/www.schoene-nachrichten.de\/wp-content\/uploads\/2008\/01\/080122_Abwasserverband_38.thumbnail.jpg\" alt=\"080122_Abwasserverband_38.jpg\" \/><\/a> <a rel=\"lightbox[roadtrip]\" target=\"_blank\" href=\"http:\/\/www.schoene-nachrichten.de\/wp-content\/uploads\/2008\/01\/080122_Abwasserverband_39.jpg\" title=\"Foto: Max Colin Heydenreich\"><img decoding=\"async\" width=\"128\" src=\"http:\/\/www.schoene-nachrichten.de\/wp-content\/uploads\/2008\/01\/080122_Abwasserverband_39.thumbnail.jpg\" alt=\"080122_Abwasserverband_39.jpg\" \/><\/a><\/p>\n<p><a rel=\"lightbox[roadtrip]\" target=\"_blank\" href=\"http:\/\/www.schoene-nachrichten.de\/wp-content\/uploads\/2008\/01\/080122_Abwasserverband_40.jpg\" title=\"Foto: Max Colin Heydenreich\"><img decoding=\"async\" width=\"128\" src=\"http:\/\/www.schoene-nachrichten.de\/wp-content\/uploads\/2008\/01\/080122_Abwasserverband_40.thumbnail.jpg\" alt=\"080122_Abwasserverband_40.jpg\" \/><\/a> <a rel=\"lightbox[roadtrip]\" target=\"_blank\" href=\"http:\/\/www.schoene-nachrichten.de\/wp-content\/uploads\/2008\/01\/080122_Abwasserverband_41.jpg\" title=\"Foto: Max Colin Heydenreich\"><img decoding=\"async\" width=\"128\" src=\"http:\/\/www.schoene-nachrichten.de\/wp-content\/uploads\/2008\/01\/080122_Abwasserverband_41.thumbnail.jpg\" alt=\"080122_Abwasserverband_41.jpg\" \/><\/a> <a rel=\"lightbox[roadtrip]\" target=\"_blank\" href=\"http:\/\/www.schoene-nachrichten.de\/wp-content\/uploads\/2008\/01\/080122_Abwasserverband_42.jpg\" title=\"Foto: Max Colin Heydenreich\"><img decoding=\"async\" width=\"128\" src=\"http:\/\/www.schoene-nachrichten.de\/wp-content\/uploads\/2008\/01\/080122_Abwasserverband_42.thumbnail.jpg\" alt=\"080122_Abwasserverband_42.jpg\" \/><\/a><\/p>\n<p><a rel=\"lightbox[roadtrip]\" target=\"_blank\" href=\"http:\/\/www.schoene-nachrichten.de\/wp-content\/uploads\/2008\/01\/080122_Abwasserverband_43.jpg\" title=\"Foto: Max Colin Heydenreich\"><img decoding=\"async\" width=\"128\" src=\"http:\/\/www.schoene-nachrichten.de\/wp-content\/uploads\/2008\/01\/080122_Abwasserverband_43.thumbnail.jpg\" alt=\"080122_Abwasserverband_43.jpg\" \/><\/a> <a rel=\"lightbox[roadtrip]\" target=\"_blank\" href=\"http:\/\/www.schoene-nachrichten.de\/wp-content\/uploads\/2008\/01\/080122_Abwasserverband_44.jpg\" title=\"Foto: Max Colin Heydenreich\"><img decoding=\"async\" width=\"128\" src=\"http:\/\/www.schoene-nachrichten.de\/wp-content\/uploads\/2008\/01\/080122_Abwasserverband_44.thumbnail.jpg\" alt=\"080122_Abwasserverband_44.jpg\" \/><\/a> <a rel=\"lightbox[roadtrip]\" target=\"_blank\" href=\"http:\/\/www.schoene-nachrichten.de\/wp-content\/uploads\/2008\/01\/080122_Abwasserverband_45.jpg\" title=\"Foto: Max Colin Heydenreich\"><img decoding=\"async\" width=\"128\" src=\"http:\/\/www.schoene-nachrichten.de\/wp-content\/uploads\/2008\/01\/080122_Abwasserverband_45.thumbnail.jpg\" alt=\"080122_Abwasserverband_45.jpg\" \/><\/a><\/p>\n<p><a rel=\"lightbox[roadtrip]\" target=\"_blank\" href=\"http:\/\/www.schoene-nachrichten.de\/wp-content\/uploads\/2008\/01\/080122_Abwasserverband_46.jpg\" title=\"Foto: Max Colin Heydenreich\"><img decoding=\"async\" width=\"128\" src=\"http:\/\/www.schoene-nachrichten.de\/wp-content\/uploads\/2008\/01\/080122_Abwasserverband_46.thumbnail.jpg\" alt=\"080122_Abwasserverband_46.jpg\" \/><\/a> <a rel=\"lightbox[roadtrip]\" target=\"_blank\" href=\"http:\/\/www.schoene-nachrichten.de\/wp-content\/uploads\/2008\/01\/080122_Abwasserverband_47.jpg\" title=\"Foto: Max Colin Heydenreich\"><img decoding=\"async\" width=\"128\" src=\"http:\/\/www.schoene-nachrichten.de\/wp-content\/uploads\/2008\/01\/080122_Abwasserverband_47.thumbnail.jpg\" alt=\"080122_Abwasserverband_47.jpg\" \/><\/a> <a rel=\"lightbox[roadtrip]\" target=\"_blank\" href=\"http:\/\/www.schoene-nachrichten.de\/wp-content\/uploads\/2008\/01\/080122_Abwasserverband_48.jpg\" title=\"Foto: Max Colin Heydenreich\"><img decoding=\"async\" width=\"128\" src=\"http:\/\/www.schoene-nachrichten.de\/wp-content\/uploads\/2008\/01\/080122_Abwasserverband_48.thumbnail.jpg\" alt=\"080122_Abwasserverband_48.jpg\" \/><\/a><\/p>\n<p><a rel=\"lightbox[roadtrip]\" target=\"_blank\" href=\"http:\/\/www.schoene-nachrichten.de\/wp-content\/uploads\/2008\/01\/080122_Abwasserverband_49.jpg\" title=\"Foto: Max Colin Heydenreich\"><img decoding=\"async\" width=\"128\" src=\"http:\/\/www.schoene-nachrichten.de\/wp-content\/uploads\/2008\/01\/080122_Abwasserverband_49.thumbnail.jpg\" alt=\"080122_Abwasserverband_49.jpg\" \/><\/a> <a rel=\"lightbox[roadtrip]\" target=\"_blank\" href=\"http:\/\/www.schoene-nachrichten.de\/wp-content\/uploads\/2008\/01\/080122_Abwasserverband_50.jpg\" title=\"Foto: Max Colin Heydenreich\"><img decoding=\"async\" width=\"128\" src=\"http:\/\/www.schoene-nachrichten.de\/wp-content\/uploads\/2008\/01\/080122_Abwasserverband_50.thumbnail.jpg\" alt=\"080122_Abwasserverband_50.jpg\" \/><\/a> <a rel=\"lightbox[roadtrip]\" target=\"_blank\" href=\"http:\/\/www.schoene-nachrichten.de\/wp-content\/uploads\/2008\/01\/080122_Abwasserverband_51.jpg\" title=\"Foto: Max Colin Heydenreich\"><img decoding=\"async\" width=\"128\" src=\"http:\/\/www.schoene-nachrichten.de\/wp-content\/uploads\/2008\/01\/080122_Abwasserverband_51.thumbnail.jpg\" alt=\"080122_Abwasserverband_51.jpg\" \/><\/a><\/p>\n<p><a rel=\"lightbox[roadtrip]\" target=\"_blank\" href=\"http:\/\/www.schoene-nachrichten.de\/wp-content\/uploads\/2008\/01\/080122_Abwasserverband_52.jpg\" title=\"Foto: Max Colin Heydenreich\"><img decoding=\"async\" width=\"128\" src=\"http:\/\/www.schoene-nachrichten.de\/wp-content\/uploads\/2008\/01\/080122_Abwasserverband_52.thumbnail.jpg\" alt=\"080122_Abwasserverband_52.jpg\" \/><\/a> <a rel=\"lightbox[roadtrip]\" target=\"_blank\" href=\"http:\/\/www.schoene-nachrichten.de\/wp-content\/uploads\/2008\/01\/080122_Abwasserverband_53.jpg\" title=\"Foto: Max Colin Heydenreich\"><img decoding=\"async\" width=\"128\" src=\"http:\/\/www.schoene-nachrichten.de\/wp-content\/uploads\/2008\/01\/080122_Abwasserverband_53.thumbnail.jpg\" alt=\"080122_Abwasserverband_53.jpg\" \/><\/a> <a rel=\"lightbox[roadtrip]\" target=\"_blank\" href=\"http:\/\/www.schoene-nachrichten.de\/wp-content\/uploads\/2008\/01\/080122_Abwasserverband_54.jpg\" title=\"Foto: Max Colin Heydenreich\"><img decoding=\"async\" width=\"128\" src=\"http:\/\/www.schoene-nachrichten.de\/wp-content\/uploads\/2008\/01\/080122_Abwasserverband_54.thumbnail.jpg\" alt=\"080122_Abwasserverband_54.jpg\" \/><\/a><\/p>\n<p><a rel=\"lightbox[roadtrip]\" target=\"_blank\" href=\"http:\/\/www.schoene-nachrichten.de\/wp-content\/uploads\/2008\/01\/080122_Abwasserverband_55.jpg\" title=\"Foto: Max Colin Heydenreich\"><img decoding=\"async\" width=\"128\" src=\"http:\/\/www.schoene-nachrichten.de\/wp-content\/uploads\/2008\/01\/080122_Abwasserverband_55.thumbnail.jpg\" alt=\"080122_Abwasserverband_55.jpg\" \/><\/a> <a rel=\"lightbox[roadtrip]\" target=\"_blank\" href=\"http:\/\/www.schoene-nachrichten.de\/wp-content\/uploads\/2008\/01\/080122_Abwasserverband_56.jpg\" title=\"Foto: Max Colin Heydenreich\"><img decoding=\"async\" width=\"128\" src=\"http:\/\/www.schoene-nachrichten.de\/wp-content\/uploads\/2008\/01\/080122_Abwasserverband_56.thumbnail.jpg\" alt=\"080122_Abwasserverband_56.jpg\" \/><\/a> <a rel=\"lightbox[roadtrip]\" target=\"_blank\" href=\"http:\/\/www.schoene-nachrichten.de\/wp-content\/uploads\/2008\/01\/080122_Abwasserverband_57.jpg\" title=\"Foto: Max Colin Heydenreich\"><img decoding=\"async\" width=\"128\" src=\"http:\/\/www.schoene-nachrichten.de\/wp-content\/uploads\/2008\/01\/080122_Abwasserverband_57.thumbnail.jpg\" alt=\"080122_Abwasserverband_57.jpg\" \/><\/a><\/p>\n<p><a rel=\"lightbox[roadtrip]\" target=\"_blank\" href=\"http:\/\/www.schoene-nachrichten.de\/wp-content\/uploads\/2008\/01\/080122_Abwasserverband_36.jpg\" title=\"Foto: Max Colin Heydenreich\"><img decoding=\"async\" width=\"128\" src=\"http:\/\/www.schoene-nachrichten.de\/wp-content\/uploads\/2008\/01\/080122_Abwasserverband_36.thumbnail.jpg\" alt=\"080122_Abwasserverband_36.jpg\" \/><\/a>\u00c2\u00a0<a rel=\"lightbox[roadtrip]\" target=\"_blank\" href=\"http:\/\/www.schoene-nachrichten.de\/wp-content\/uploads\/2008\/01\/080122_Abwasserverband_58.jpg\" title=\"Foto: Max Colin Heydenreich\"><img decoding=\"async\" width=\"128\" src=\"http:\/\/www.schoene-nachrichten.de\/wp-content\/uploads\/2008\/01\/080122_Abwasserverband_58.thumbnail.jpg\" alt=\"080122_Abwasserverband_58.jpg\" \/><\/a> <a rel=\"lightbox[roadtrip]\" target=\"_blank\" href=\"http:\/\/www.schoene-nachrichten.de\/wp-content\/uploads\/2008\/01\/080122_Abwasserverband_59.jpg\" title=\"Foto: Max Colin Heydenreich\"><img decoding=\"async\" width=\"128\" src=\"http:\/\/www.schoene-nachrichten.de\/wp-content\/uploads\/2008\/01\/080122_Abwasserverband_59.thumbnail.jpg\" alt=\"080122_Abwasserverband_59.jpg\" \/><\/a><\/p>\n","protected":false},"excerpt":{"rendered":"<div class=\"tmnf_excerpt\"><p>Fulda. Vor 40 Jahren, am 01. Januar 1968, wurde der Abwasserverband Fulda gegr\u00fcndet. Der 40. Jahrestag wurde gestern Abend im F\u00fcrstensaal des Stadtschosses mit einer festlichen Veranstaltung gefeiert. Die Verbandsvorsitzende, Stadtbaur\u00e4tin Cornelia Zuschke und die Vorsitzende der Verbandsversammlung, Margarete Hartmann, konnten \u00fcber 300 G\u00e4ste darunter zahlreiche Politiker, Gesch\u00e4ftspartner des Abwasserverbandes (AVF) B\u00fcrgermeister und Vertreter der &hellip;<\/p>\n<\/div>","protected":false},"author":1,"featured_media":0,"comment_status":"closed","ping_status":"closed","sticky":false,"template":"","format":"standard","meta":{"footnotes":""},"categories":[1,54,29,52],"tags":[],"class_list":["post-7529","post","type-post","status-publish","format-standard","hentry","category-startseite","category-bildergalerien","category-politik","category-umwelt"],"_links":{"self":[{"href":"https:\/\/www.fuldaernachrichten.de\/index.php?rest_route=\/wp\/v2\/posts\/7529","targetHints":{"allow":["GET"]}}],"collection":[{"href":"https:\/\/www.fuldaernachrichten.de\/index.php?rest_route=\/wp\/v2\/posts"}],"about":[{"href":"https:\/\/www.fuldaernachrichten.de\/index.php?rest_route=\/wp\/v2\/types\/post"}],"author":[{"embeddable":true,"href":"https:\/\/www.fuldaernachrichten.de\/index.php?rest_route=\/wp\/v2\/users\/1"}],"replies":[{"embeddable":true,"href":"https:\/\/www.fuldaernachrichten.de\/index.php?rest_route=%2Fwp%2Fv2%2Fcomments&post=7529"}],"version-history":[{"count":0,"href":"https:\/\/www.fuldaernachrichten.de\/index.php?rest_route=\/wp\/v2\/posts\/7529\/revisions"}],"wp:attachment":[{"href":"https:\/\/www.fuldaernachrichten.de\/index.php?rest_route=%2Fwp%2Fv2%2Fmedia&parent=7529"}],"wp:term":[{"taxonomy":"category","embeddable":true,"href":"https:\/\/www.fuldaernachrichten.de\/index.php?rest_route=%2Fwp%2Fv2%2Fcategories&post=7529"},{"taxonomy":"post_tag","embeddable":true,"href":"https:\/\/www.fuldaernachrichten.de\/index.php?rest_route=%2Fwp%2Fv2%2Ftags&post=7529"}],"curies":[{"name":"wp","href":"https:\/\/api.w.org\/{rel}","templated":true}]}}