{"id":752,"date":"2007-01-13T18:42:02","date_gmt":"2007-01-13T17:42:02","guid":{"rendered":"http:\/\/www.schoene-nachrichten.de\/?p=752"},"modified":"2007-01-13T18:42:02","modified_gmt":"2007-01-13T17:42:02","slug":"fruh-ubt-sich-schreinerinnung-wirbt-im-kindergarten","status":"publish","type":"post","link":"https:\/\/www.fuldaernachrichten.de\/?p=752","title":{"rendered":"&#8220;Fr\u00fch \u00fcbt sich&#8230;&#8221; Schreinerinnung wirbt im Kindergarten"},"content":{"rendered":"<p><strong>Sch\u00f6nes aus Fulda.<\/strong> Wer flei\u00dfige kleine Handwerker sehen wollte, musste nicht irgendwo hingehen, sondern in die st\u00e4dtische Kindertagesst\u00e4tte Fuldaaue. Dort durften die M\u00e4dchen und Jungen im Foyer nach Herzenslust den Hammer schwingen und N\u00e4gel ins Holz treiben. Die kleine \u201eLehrbaustelle\u201c war vorbereitet worden f\u00fcr die \u00dcbergabe eines kleinen Info-Heftchens, mit dem die Kreishandwerkerschaft, insbesondere die Fuldaer Schreinerinnung, f\u00fcr diesen Beruf werben m\u00f6chte.\u00c2\u00a0<\/p>\n<p>\u00c2\u00a0<\/p>\n<p><a title=\"Foto: Stadt Fulda\" href=\"http:\/\/www.schoene-nachrichten.de\/wp-content\/uploads\/2007\/01\/070113_handwerker.jpg\" target=\"_blank\"><img decoding=\"async\" id=\"image751\" height=\"96\" alt=\"070113_handwerker.jpg\" src=\"http:\/\/www.schoene-nachrichten.de\/wp-content\/uploads\/2007\/01\/070113_handwerker.thumbnail.jpg\" \/><\/a><\/p>\n<p>\u00c2\u00a0<\/p>\n<p><!--more-->Schon im Kindergarten sollen die J\u00fcngsten Spa\u00df am Handwerk finden. Deshalb soll das bunte, im \u201ePixi-Klein-Format\u201c aufgemachte Heftchen, in allen Kinderg\u00e4rten der Stadt und des Kreises verteilt werden. \u201eEine tolle Idee\u201c, lobte Fuldas B\u00fcrgermeister Dr. Wolfgang Dippel die Anregung der Kreishandwerkerschaft und dankte f\u00fcr die Initiative. Das Handwerk r\u00fccke damit wieder mehr in den Vordergrund. Das Konzept sei gelungen, das Heftchen sehr sch\u00f6n, sagte Dippel und empfahl daher, gleiches auch f\u00fcr andere Berufe zu machen. Und nicht nur die J\u00fcngsten d\u00fcrften Interesse an diesem kleinen B\u00fcchlein finden, meint Dippel. Auch f\u00fcr die Eltern sei es sehr interessant und r\u00e4ume mit falschen Vorstellungen auf. \u201eDer Schreiner macht eben nicht nur St\u00fchle.\u201c<\/p>\n<p>\u00c2\u00a0<\/p>\n<p>Mit dem Info-B\u00fcchlein m\u00f6chte die Kreishandwerkerschaft auf die M\u00f6glichkeiten von Betriebsbesuchen hinweisen. \u201eWenn Kinder M\u00f6bel, Maschinen und auch die Sp\u00e4ne fliegen sehen, dann pr\u00e4gt sich das ein und kommt gut an\u201c, f\u00fcgt Eugen Schramm, der Obermeister der Schreinerinnung, hinzu. Warum das Heftchen aufgelegt worden ist, begr\u00fcndet er mit dem Hinweis, dass nicht fr\u00fch genug damit begonnen werden k\u00f6nne, Nachwuchs f\u00fcr das Handwerk zu werben. Das Handwerk generell habe Probleme, Nachwuchs zu finden.<\/p>\n<p>\u00c2\u00a0<\/p>\n<p>\u201eBei den Schreinern geht es noch\u201c sagt Schramm, \u201edoch der Kampf um die Kr\u00e4fte von morgen geht bereits los.\u201c Schramms Stellvertreter Stefan Semler erg\u00e4nzt, das bunte Info-Heftchen sei ein Teil der Bem\u00fchungen um die Nachwuchsgewinnung, noch viel wichtiger sei es aber, dass Eltern ihre Kinder durch die Erziehung auf die Arbeitswelt vorbereiten. Wer sp\u00e4ter einmal Schreiner werden will, der muss nicht nur fit im Handwerklichen sein, sondern auch gut zeichnen und rechnen k\u00f6nnen. Soziale Kompetenz, also die F\u00e4higkeit im Team arbeiten zu k\u00f6nnen, geh\u00f6rt ebenfalls dazu.<\/p>\n","protected":false},"excerpt":{"rendered":"<div class=\"tmnf_excerpt\"><p>Sch\u00f6nes aus Fulda. Wer flei\u00dfige kleine Handwerker sehen wollte, musste nicht irgendwo hingehen, sondern in die st\u00e4dtische Kindertagesst\u00e4tte Fuldaaue. Dort durften die M\u00e4dchen und Jungen im Foyer nach Herzenslust den Hammer schwingen und N\u00e4gel ins Holz treiben. Die kleine \u201eLehrbaustelle\u201c war vorbereitet worden f\u00fcr die \u00dcbergabe eines kleinen Info-Heftchens, mit dem die Kreishandwerkerschaft, insbesondere die &hellip;<\/p>\n<\/div>","protected":false},"author":1,"featured_media":0,"comment_status":"closed","ping_status":"closed","sticky":false,"template":"","format":"standard","meta":{"footnotes":""},"categories":[1,53],"tags":[],"class_list":["post-752","post","type-post","status-publish","format-standard","hentry","category-startseite","category-bildung"],"_links":{"self":[{"href":"https:\/\/www.fuldaernachrichten.de\/index.php?rest_route=\/wp\/v2\/posts\/752","targetHints":{"allow":["GET"]}}],"collection":[{"href":"https:\/\/www.fuldaernachrichten.de\/index.php?rest_route=\/wp\/v2\/posts"}],"about":[{"href":"https:\/\/www.fuldaernachrichten.de\/index.php?rest_route=\/wp\/v2\/types\/post"}],"author":[{"embeddable":true,"href":"https:\/\/www.fuldaernachrichten.de\/index.php?rest_route=\/wp\/v2\/users\/1"}],"replies":[{"embeddable":true,"href":"https:\/\/www.fuldaernachrichten.de\/index.php?rest_route=%2Fwp%2Fv2%2Fcomments&post=752"}],"version-history":[{"count":0,"href":"https:\/\/www.fuldaernachrichten.de\/index.php?rest_route=\/wp\/v2\/posts\/752\/revisions"}],"wp:attachment":[{"href":"https:\/\/www.fuldaernachrichten.de\/index.php?rest_route=%2Fwp%2Fv2%2Fmedia&parent=752"}],"wp:term":[{"taxonomy":"category","embeddable":true,"href":"https:\/\/www.fuldaernachrichten.de\/index.php?rest_route=%2Fwp%2Fv2%2Fcategories&post=752"},{"taxonomy":"post_tag","embeddable":true,"href":"https:\/\/www.fuldaernachrichten.de\/index.php?rest_route=%2Fwp%2Fv2%2Ftags&post=752"}],"curies":[{"name":"wp","href":"https:\/\/api.w.org\/{rel}","templated":true}]}}