{"id":74865,"date":"2010-11-05T00:26:59","date_gmt":"2010-11-04T23:26:59","guid":{"rendered":"http:\/\/www.fuldaer-nachrichten.de\/?p=74865"},"modified":"2010-11-04T15:27:11","modified_gmt":"2010-11-04T14:27:11","slug":"vde-rhein-main-laedt-zum-vortrag-ins-uewag-informationszentrum-ein","status":"publish","type":"post","link":"https:\/\/www.fuldaernachrichten.de\/?p=74865","title":{"rendered":"VDE Rhein-Main l\u00e4dt zum Vortrag ins \u00dcWAG-Informationszentrum ein"},"content":{"rendered":"<p><strong>Fulda. <\/strong>Der VDE Rhein-Main e. V. l\u00e4dt am Mittwoch, 10. November 2010, um 18:00 Uhr zu einem Vortrag in das \u00dcWAG-Informationszentrum, Frankfurter Stra\u00dfe 6, in Fulda ein. Referent Dipl.-Wirtsch.-Ing. Heiko Herchet, Leiter Kompetenzzentrum Elektromobilit\u00e4t der EDAG GmbH &amp; Co. KGaA, referiert \u00fcber den derzeitigen Stand bei der Entwicklung von Elektrofahrzeugen, insbesondere vor dem Hintergrund der infrastrukturellen Rahmenbedingungen.<!--more--><\/p>\n<p>Elektrofahrzeuge werden in Zukunft eine bedeutende Rolle im Stra\u00dfenverkehr, bei der Vermeidung von Emissionen und auch im Energieverteilungssystem spielen. Bis zum Jahr 2020 sollen laut Prognosen des Bundesministeriums f\u00fcr Verkehr, Bau und Stadtentwicklung eine Million E-Fahrzeuge auf bundesdeutschen Stra\u00dfen fahren. Intensiv wird derzeit an der Weiterentwicklung von Fahrzeugen, Batterien und Infrastruktur geforscht und gearbeitet.<\/p>\n<p>Heiko Herchet stellt in seinem Vortrag einen \u00dcberblick zum derzeitigen Stand der Entwicklung im Bereich Elektromobilit\u00e4t vor und erl\u00e4utert, wie Elektromobilit\u00e4t unser Leben ver\u00e4ndern wird. Der Referent beleuchtet dabei die Herausforderungen f\u00fcr Fahrzeugtechnik, Energiespeicher und Netzintegration und geht der Frage nach: M\u00fcssen wir angesichts begrenzter Reichweiten unsere Mobilit\u00e4t grunds\u00e4tzlich neu organisieren? Im Anschluss besteht bei einem Imbiss Gelegenheit zum Gedankenaustausch. Der Eintritt ist frei.<\/p>\n","protected":false},"excerpt":{"rendered":"<div class=\"tmnf_excerpt\"><p>Fulda. Der VDE Rhein-Main e. V. l\u00e4dt am Mittwoch, 10. November 2010, um 18:00 Uhr zu einem Vortrag in das \u00dcWAG-Informationszentrum, Frankfurter Stra\u00dfe 6, in Fulda ein. Referent Dipl.-Wirtsch.-Ing. Heiko Herchet, Leiter Kompetenzzentrum Elektromobilit\u00e4t der EDAG GmbH &amp; Co. KGaA, referiert \u00fcber den derzeitigen Stand bei der Entwicklung von Elektrofahrzeugen, insbesondere vor dem Hintergrund der &hellip;<\/p>\n<\/div>","protected":false},"author":1,"featured_media":0,"comment_status":"closed","ping_status":"closed","sticky":false,"template":"","format":"standard","meta":{"footnotes":""},"categories":[1],"tags":[],"class_list":["post-74865","post","type-post","status-publish","format-standard","hentry","category-startseite"],"_links":{"self":[{"href":"https:\/\/www.fuldaernachrichten.de\/index.php?rest_route=\/wp\/v2\/posts\/74865","targetHints":{"allow":["GET"]}}],"collection":[{"href":"https:\/\/www.fuldaernachrichten.de\/index.php?rest_route=\/wp\/v2\/posts"}],"about":[{"href":"https:\/\/www.fuldaernachrichten.de\/index.php?rest_route=\/wp\/v2\/types\/post"}],"author":[{"embeddable":true,"href":"https:\/\/www.fuldaernachrichten.de\/index.php?rest_route=\/wp\/v2\/users\/1"}],"replies":[{"embeddable":true,"href":"https:\/\/www.fuldaernachrichten.de\/index.php?rest_route=%2Fwp%2Fv2%2Fcomments&post=74865"}],"version-history":[{"count":2,"href":"https:\/\/www.fuldaernachrichten.de\/index.php?rest_route=\/wp\/v2\/posts\/74865\/revisions"}],"predecessor-version":[{"id":74938,"href":"https:\/\/www.fuldaernachrichten.de\/index.php?rest_route=\/wp\/v2\/posts\/74865\/revisions\/74938"}],"wp:attachment":[{"href":"https:\/\/www.fuldaernachrichten.de\/index.php?rest_route=%2Fwp%2Fv2%2Fmedia&parent=74865"}],"wp:term":[{"taxonomy":"category","embeddable":true,"href":"https:\/\/www.fuldaernachrichten.de\/index.php?rest_route=%2Fwp%2Fv2%2Fcategories&post=74865"},{"taxonomy":"post_tag","embeddable":true,"href":"https:\/\/www.fuldaernachrichten.de\/index.php?rest_route=%2Fwp%2Fv2%2Ftags&post=74865"}],"curies":[{"name":"wp","href":"https:\/\/api.w.org\/{rel}","templated":true}]}}