{"id":74835,"date":"2010-11-05T01:24:48","date_gmt":"2010-11-05T00:24:48","guid":{"rendered":"http:\/\/www.fuldaer-nachrichten.de\/?p=74835"},"modified":"2010-11-04T15:25:22","modified_gmt":"2010-11-04T14:25:22","slug":"aaanderer-gottesdienst-das-weib-schweige-in-der-gemeinde","status":"publish","type":"post","link":"https:\/\/www.fuldaernachrichten.de\/?p=74835","title":{"rendered":"AAAnderer Gottesdienst &#8211; Das Weib schweige in der Gemeinde?!"},"content":{"rendered":"<p><strong><a href=\"http:\/\/www.fuldaer-nachrichten.de\/wp-content\/uploads\/2010\/11\/101104_Kirche.jpg\"><img decoding=\"async\" class=\"alignleft size-thumbnail wp-image-74836\" title=\"101104_Kirche\" src=\"http:\/\/www.fuldaer-nachrichten.de\/wp-content\/uploads\/2010\/11\/101104_Kirche-265x139.jpg\" alt=\"\" width=\"265\" height=\"139\" srcset=\"https:\/\/www.fuldaernachrichten.de\/wp-content\/uploads\/2010\/11\/101104_Kirche-265x139.jpg 265w, https:\/\/www.fuldaernachrichten.de\/wp-content\/uploads\/2010\/11\/101104_Kirche.jpg 592w\" sizes=\"(max-width: 265px) 100vw, 265px\" \/><\/a>Fulda Neuenberg.<\/strong> Viel Missverst\u00e4ndnisse und Unmut gibt es bisweilen \u00fcber dieses Bibelwort aus dem Neuen Testament. Pfarrer Stefan B\u00fcrger wird im AAAnderen Gottesdienst am Sonntag, 7.11.2010, um 11.00 der Frage nach dem Frauenbild bei Paulus nachgehen. Parallel gibt es Kindergottesdienst ab drei Jahren und einen betreuten Kleinkinderraum. Die Kreuzkirchenband begleitet den Gottesdienst. Wer will, kann sich pers\u00f6nlich segnen lassen. Im Anschluss bietet die Gemeinde ein Mittagsbuffet an. Es wird zudem Gelegenheit sein, das Modell des Kirchenumbaus und Zeichnungen anzuschauen.<\/p>\n","protected":false},"excerpt":{"rendered":"<div class=\"tmnf_excerpt\"><p>Fulda Neuenberg. Viel Missverst\u00e4ndnisse und Unmut gibt es bisweilen \u00fcber dieses Bibelwort aus dem Neuen Testament. Pfarrer Stefan B\u00fcrger wird im AAAnderen Gottesdienst am Sonntag, 7.11.2010, um 11.00 der Frage nach dem Frauenbild bei Paulus nachgehen. Parallel gibt es Kindergottesdienst ab drei Jahren und einen betreuten Kleinkinderraum. Die Kreuzkirchenband begleitet den Gottesdienst. Wer will, kann &hellip;<\/p>\n<\/div>","protected":false},"author":1,"featured_media":0,"comment_status":"closed","ping_status":"closed","sticky":false,"template":"","format":"standard","meta":{"footnotes":""},"categories":[1,50],"tags":[],"class_list":["post-74835","post","type-post","status-publish","format-standard","hentry","category-startseite","category-kirche"],"_links":{"self":[{"href":"https:\/\/www.fuldaernachrichten.de\/index.php?rest_route=\/wp\/v2\/posts\/74835","targetHints":{"allow":["GET"]}}],"collection":[{"href":"https:\/\/www.fuldaernachrichten.de\/index.php?rest_route=\/wp\/v2\/posts"}],"about":[{"href":"https:\/\/www.fuldaernachrichten.de\/index.php?rest_route=\/wp\/v2\/types\/post"}],"author":[{"embeddable":true,"href":"https:\/\/www.fuldaernachrichten.de\/index.php?rest_route=\/wp\/v2\/users\/1"}],"replies":[{"embeddable":true,"href":"https:\/\/www.fuldaernachrichten.de\/index.php?rest_route=%2Fwp%2Fv2%2Fcomments&post=74835"}],"version-history":[{"count":2,"href":"https:\/\/www.fuldaernachrichten.de\/index.php?rest_route=\/wp\/v2\/posts\/74835\/revisions"}],"predecessor-version":[{"id":74933,"href":"https:\/\/www.fuldaernachrichten.de\/index.php?rest_route=\/wp\/v2\/posts\/74835\/revisions\/74933"}],"wp:attachment":[{"href":"https:\/\/www.fuldaernachrichten.de\/index.php?rest_route=%2Fwp%2Fv2%2Fmedia&parent=74835"}],"wp:term":[{"taxonomy":"category","embeddable":true,"href":"https:\/\/www.fuldaernachrichten.de\/index.php?rest_route=%2Fwp%2Fv2%2Fcategories&post=74835"},{"taxonomy":"post_tag","embeddable":true,"href":"https:\/\/www.fuldaernachrichten.de\/index.php?rest_route=%2Fwp%2Fv2%2Ftags&post=74835"}],"curies":[{"name":"wp","href":"https:\/\/api.w.org\/{rel}","templated":true}]}}