{"id":74789,"date":"2010-12-15T00:52:41","date_gmt":"2010-12-15T00:52:41","guid":{"rendered":"http:\/\/www.fuldaer-nachrichten.de\/?p=74789"},"modified":"2010-12-15T09:34:55","modified_gmt":"2010-12-15T09:34:55","slug":"neu-im-kino-hereafter-small-world-kinostart-am-16-12-2010","status":"publish","type":"post","link":"https:\/\/www.fuldaernachrichten.de\/?p=74789","title":{"rendered":"Neu im Kino: Hereafter \u2013 Small World &#8211; Kinostart am 16.12.2010"},"content":{"rendered":"<p><strong><a href=\"http:\/\/www.fuldaer-nachrichten.de\/wp-content\/uploads\/2010\/11\/101103_World2.jpg\"><img fetchpriority=\"high\" decoding=\"async\" class=\"alignleft size-thumbnail wp-image-74791\" title=\"101103_World2\" src=\"http:\/\/www.fuldaer-nachrichten.de\/wp-content\/uploads\/2010\/11\/101103_World2-265x374.jpg\" alt=\"\" width=\"265\" height=\"374\" srcset=\"https:\/\/www.fuldaernachrichten.de\/wp-content\/uploads\/2010\/11\/101103_World2-265x374.jpg 265w, https:\/\/www.fuldaernachrichten.de\/wp-content\/uploads\/2010\/11\/101103_World2.jpg 399w\" sizes=\"(max-width: 265px) 100vw, 265px\" \/><\/a>Kino.<\/strong> Manchmal, mit fortschreitendem Alter, r\u00fccken Erinnerungen aus der  Kindheit st\u00e4rker ins Bewusstsein als die Erlebnisse des gerade  vergangenen Tages. So geht es auch dem alternden Freigeist Konrad Lang,  der zusehends allt\u00e4gliche Dinge vergisst, sich aber immer pr\u00e4ziser an  seine fr\u00fcheste Kindheit erinnert. Nicht zuletzt aus diesem Grund zieht es ihn auch zur\u00fcck in den Scho\u00df der  Industriellen-Familie Senn, zu der sich Konrad durch die gemeinsam  verbrachte Kindheit mit dem gleichaltrigen Thomas zugeh\u00f6rig f\u00fchlt.  Thomas&#8217; Mutter, das resolute Familienoberhaupt Elvira Senn, gew\u00e4hrt  Konrad zwar Unterkunft, reagiert jedoch zunehmend beunruhigt und  ablehnend auf Konrads Erinnerungen. Verwundert beobachtet Simone, die junge Gattin des Familienerben, die  wachsende Nervosit\u00e4t der Familienangeh\u00f6rigen. Sie f\u00fchlt sich zu dem  verwirrten Alten hingezogen, w\u00e4hrend der Rest der Familie sich k\u00fchl  distanziert. Als Simone auch noch damit beginnt, das Puzzle aus Konrads  Erinnerungen zusammen zu setzen, ahnt sie nicht, dass sie damit einem  lebensgef\u00e4hrlichen Geheimnis auf der Spur ist &#8230;<\/p>\n<p><strong> Kinostart: 16.12.2010<\/strong><\/p>\n","protected":false},"excerpt":{"rendered":"<div class=\"tmnf_excerpt\"><p>Kino. Manchmal, mit fortschreitendem Alter, r\u00fccken Erinnerungen aus der Kindheit st\u00e4rker ins Bewusstsein als die Erlebnisse des gerade vergangenen Tages. So geht es auch dem alternden Freigeist Konrad Lang, der zusehends allt\u00e4gliche Dinge vergisst, sich aber immer pr\u00e4ziser an seine fr\u00fcheste Kindheit erinnert. Nicht zuletzt aus diesem Grund zieht es ihn auch zur\u00fcck in den &hellip;<\/p>\n<\/div>","protected":false},"author":1,"featured_media":0,"comment_status":"closed","ping_status":"closed","sticky":false,"template":"","format":"standard","meta":{"footnotes":""},"categories":[1,79],"tags":[],"class_list":["post-74789","post","type-post","status-publish","format-standard","hentry","category-startseite","category-kino"],"_links":{"self":[{"href":"https:\/\/www.fuldaernachrichten.de\/index.php?rest_route=\/wp\/v2\/posts\/74789","targetHints":{"allow":["GET"]}}],"collection":[{"href":"https:\/\/www.fuldaernachrichten.de\/index.php?rest_route=\/wp\/v2\/posts"}],"about":[{"href":"https:\/\/www.fuldaernachrichten.de\/index.php?rest_route=\/wp\/v2\/types\/post"}],"author":[{"embeddable":true,"href":"https:\/\/www.fuldaernachrichten.de\/index.php?rest_route=\/wp\/v2\/users\/1"}],"replies":[{"embeddable":true,"href":"https:\/\/www.fuldaernachrichten.de\/index.php?rest_route=%2Fwp%2Fv2%2Fcomments&post=74789"}],"version-history":[{"count":6,"href":"https:\/\/www.fuldaernachrichten.de\/index.php?rest_route=\/wp\/v2\/posts\/74789\/revisions"}],"predecessor-version":[{"id":79088,"href":"https:\/\/www.fuldaernachrichten.de\/index.php?rest_route=\/wp\/v2\/posts\/74789\/revisions\/79088"}],"wp:attachment":[{"href":"https:\/\/www.fuldaernachrichten.de\/index.php?rest_route=%2Fwp%2Fv2%2Fmedia&parent=74789"}],"wp:term":[{"taxonomy":"category","embeddable":true,"href":"https:\/\/www.fuldaernachrichten.de\/index.php?rest_route=%2Fwp%2Fv2%2Fcategories&post=74789"},{"taxonomy":"post_tag","embeddable":true,"href":"https:\/\/www.fuldaernachrichten.de\/index.php?rest_route=%2Fwp%2Fv2%2Ftags&post=74789"}],"curies":[{"name":"wp","href":"https:\/\/api.w.org\/{rel}","templated":true}]}}