{"id":7471,"date":"2008-01-20T00:26:57","date_gmt":"2008-01-19T23:26:57","guid":{"rendered":"http:\/\/www.schoene-nachrichten.de\/?p=7471"},"modified":"2008-01-21T09:48:18","modified_gmt":"2008-01-21T08:48:18","slug":"rhoen-bis-2013-weiterhin-leader-foerderregion","status":"publish","type":"post","link":"https:\/\/www.fuldaernachrichten.de\/?p=7471","title":{"rendered":"Rh\u00f6n bis 2013 weiterhin LEADER-F\u00f6rderregion"},"content":{"rendered":"<p><a rel=\"lightbox[roadtrip]\" target=\"_blank\" href=\"http:\/\/www.schoene-nachrichten.de\/wp-content\/uploads\/2008\/01\/080118_leader1.jpg\" title=\"080118_leader1.jpg\"><img decoding=\"async\" align=\"left\" src=\"http:\/\/www.schoene-nachrichten.de\/wp-content\/uploads\/2008\/01\/080118_leader1.thumbnail.jpg\" hspace=\"5\" alt=\"080118_leader1.jpg\" \/><\/a>Wasserkuppe. Der Staatssekret\u00e4r im Hessischen Ministerium f\u00fcr Umwelt, l\u00e4ndlicher Raum und Umweltschutz, Karl-Winfried Seif, hat den Bescheid \u00fcber die Anerkennung der Rh\u00f6n als LEADER-F\u00f6rderregion an den Vorsitzenden des Vereins f\u00fcr Natur- und Lebensraum Rh\u00f6n, Dr. Hubert Baier, \u00fcberreicht. Damit kann die Region, die sich aus den Rh\u00f6ngemeinden Burghaun, Dipperz, Ebersburg, Ehrenberg, Eiterfeld, Gersfeld, Hilders Hofbieber, H\u00fcnfeld, N\u00fcsttal, Poppenhausen, Rasdorf und Tann zusammensetzt, bis 2013 mit F\u00f6rdermitteln zwischen 1,6 und 1,9 Millionen Euro rechnen.<!--more--><\/p>\n<p>Die Rh\u00f6n ist seit der Anerkennung als Biosph\u00e4renreservat LEADER-F\u00f6rderregion. Daneben gibt es mit der Region Fulda S\u00fcdwest, der die Kommunen Bad Salzschlirf, Eichenzell, Flieden, Gro\u00dfenl\u00fcder, Hosenfeld, Kalbach und Neuhof angeh\u00f6ren, ein weiteres F\u00f6rdergebiet im Landkreis Fulda. Staatssekret\u00e4r Seif sprach von einer \u201ekomfortablen Lage\u201c, in der sich der Landkreis mit zwei F\u00f6rderregionen befinde. Landrat Woide bedankte sich bei Staatssekret\u00e4r Seif pers\u00f6nlich f\u00fcr die \u201ezielf\u00fchrenden Gespr\u00e4che\u201c. \u201eLEADER hat viel in der Rh\u00f6n bewegt. Jetzt k\u00f6nnen wir mit einer Fortsetzung rechnen.\u201c<\/p>\n<p>Hessenweit stehen f\u00fcr das LEADER-Programm insgesamt 36 Millionen Euro zur Verf\u00fcgung, die in 20 F\u00f6rderregionen flie\u00dfen. Die Mittel werden schwerpunktm\u00e4\u00dfig f\u00fcr landtouristische Investitionen, kleine Infrastrukturma\u00dfnahmen, Existenzgr\u00fcndungen, Investitionen zur Nutzung von Biorohstoffen, Einrichtungen zur Grundversorgung sowie zur Information \u00fcber Landschafts- und Kulturgeschichte eingesetzt. F\u00f6rderf\u00e4hig sind \u00f6ffentliche und private Ma\u00dfnahmen zur St\u00e4rkung der Wertsch\u00f6pfung und Vielfalt der l\u00e4ndlichen Wirtschaft sowie zur Steigerung der Lebensqualit\u00e4t im l\u00e4ndlichen Raum.<\/p>\n<p>Staatsekret\u00e4r lobte das in einer Flei\u00dfarbeit mit vielen Beteiligten entstandene regionale Entwicklungskonzept. Unter dem Leitbild \u201eEine Zukunft f\u00fcr das Land der offenen Fernen\u201c wolle die Rh\u00f6n ihren typischen Landschaftscharakter erhalten, Wertsch\u00f6pfungsketten in der regionalen Ern\u00e4hrungs- und Holzwirtschaft ausbauen, die Nutzung von Biorohstoffen zur Energiegewinnung vorantreiben sowie das Tourismuspotential der Region weiter st\u00e4rken. Sie k\u00f6nne dabei auf ein gutes Regionalmanagement zur\u00fcckgreifen. Mit den F\u00f6rdermitteln lie\u00dfen sich weitere \u201epfiffige Ideen\u201c auf den Weg bringen.<\/p>\n<p>Diese Erwartung \u00e4u\u00dferte auch Dr. Baier, Vorsitzender des Anfang der neunziger Jahre gegr\u00fcndeten Vereins Natur- und Lebensraum Rh\u00f6n, dessen 170 Mitglieder die verschiedenen gesellschaftlichen Gruppen in der Rh\u00f6n widerspiegelten. In enger Abstimmung mit den B\u00fcrgern vor Ort seien 140 Vorschl\u00e4ge f\u00fcr das regionale Entwicklungskonzept zusammengetragen worden, von denen bis 2013 m\u00f6glichst viele umgesetzt werden sollten. Dabei wolle man sowohl die Ziele des Biosph\u00e4renreservats als auch die besonderen Aufgabenstellungen des LEADER-F\u00f6rderprogramms im Auge behalten.<\/p>\n","protected":false},"excerpt":{"rendered":"<div class=\"tmnf_excerpt\"><p>Wasserkuppe. Der Staatssekret\u00e4r im Hessischen Ministerium f\u00fcr Umwelt, l\u00e4ndlicher Raum und Umweltschutz, Karl-Winfried Seif, hat den Bescheid \u00fcber die Anerkennung der Rh\u00f6n als LEADER-F\u00f6rderregion an den Vorsitzenden des Vereins f\u00fcr Natur- und Lebensraum Rh\u00f6n, Dr. Hubert Baier, \u00fcberreicht. Damit kann die Region, die sich aus den Rh\u00f6ngemeinden Burghaun, Dipperz, Ebersburg, Ehrenberg, Eiterfeld, Gersfeld, Hilders Hofbieber, &hellip;<\/p>\n<\/div>","protected":false},"author":1,"featured_media":0,"comment_status":"closed","ping_status":"closed","sticky":false,"template":"","format":"standard","meta":{"footnotes":""},"categories":[1,29,52],"tags":[],"class_list":["post-7471","post","type-post","status-publish","format-standard","hentry","category-startseite","category-politik","category-umwelt"],"_links":{"self":[{"href":"https:\/\/www.fuldaernachrichten.de\/index.php?rest_route=\/wp\/v2\/posts\/7471","targetHints":{"allow":["GET"]}}],"collection":[{"href":"https:\/\/www.fuldaernachrichten.de\/index.php?rest_route=\/wp\/v2\/posts"}],"about":[{"href":"https:\/\/www.fuldaernachrichten.de\/index.php?rest_route=\/wp\/v2\/types\/post"}],"author":[{"embeddable":true,"href":"https:\/\/www.fuldaernachrichten.de\/index.php?rest_route=\/wp\/v2\/users\/1"}],"replies":[{"embeddable":true,"href":"https:\/\/www.fuldaernachrichten.de\/index.php?rest_route=%2Fwp%2Fv2%2Fcomments&post=7471"}],"version-history":[{"count":0,"href":"https:\/\/www.fuldaernachrichten.de\/index.php?rest_route=\/wp\/v2\/posts\/7471\/revisions"}],"wp:attachment":[{"href":"https:\/\/www.fuldaernachrichten.de\/index.php?rest_route=%2Fwp%2Fv2%2Fmedia&parent=7471"}],"wp:term":[{"taxonomy":"category","embeddable":true,"href":"https:\/\/www.fuldaernachrichten.de\/index.php?rest_route=%2Fwp%2Fv2%2Fcategories&post=7471"},{"taxonomy":"post_tag","embeddable":true,"href":"https:\/\/www.fuldaernachrichten.de\/index.php?rest_route=%2Fwp%2Fv2%2Ftags&post=7471"}],"curies":[{"name":"wp","href":"https:\/\/api.w.org\/{rel}","templated":true}]}}