{"id":74615,"date":"2010-11-05T08:47:43","date_gmt":"2010-11-05T07:47:43","guid":{"rendered":"http:\/\/www.fuldaer-nachrichten.de\/?p=74615"},"modified":"2010-11-08T08:47:55","modified_gmt":"2010-11-08T07:47:55","slug":"gemeinsame-herbstuebung-bei-karosseriebau-boehm-im-industriepark-rhoen","status":"publish","type":"post","link":"https:\/\/www.fuldaernachrichten.de\/?p=74615","title":{"rendered":"Gemeinsame Herbst\u00fcbung bei Karosseriebau B\u00f6hm im Industriepark Rh\u00f6n"},"content":{"rendered":"<p><strong>Eichenzell. <\/strong>Unter der Federf\u00fchrung der Feuerwehr R\u00f6nshausen fand in diesem Jahr die Abschluss\u00fcbung der Feuerwehren L\u00fctter, R\u00f6nshausen, Rothemann und Welkers statt. \u00dcbungsobjekt war das Geb\u00e4ude des Karosseriebaubetriebs B\u00f6hm. Angenommen wurde ein PKW-Brand in der Werkstatt des Betriebes. Die Wehren aus R\u00f6nshausen und Welkers wurden zuerst alarmiert und fuhren umgehend die Einsatzstelle an.<\/p>\n<p>Bei der Lageerkundung stellte R\u00f6nshausens stellvertretender Wehrf\u00fchrer Reiner Wilfer, der auch Einsatzleiter war, fest, dass der Brand ein gr\u00f6\u00dferes Ausma\u00df hatte als zun\u00e4chst angenommen und zudem mehrere Personen vermisst wurden. Daraufhin lie\u00df Wilfer die Feuerwehren L\u00fctter und Rothemann nachalarmieren. W\u00e4hrend erste L\u00f6schma\u00dfnahmen eingeleitet wurden und die Feuerwehr Welkers die Wasserversorgung \u00fcber einen Hydranten sicherstellte, gingen die ersten Einsatzkr\u00e4fte unter Atemschutz in das Geb\u00e4ude, um nach den vermissten Personen zu suchen und im Innenangriff gegen die Flammen vorzugehen. Nachdem die Feuerwehren aus L\u00fctter und Rothemann eingetroffen waren, unterst\u00fctzten sie ihre Kameraden aus R\u00f6nshausen und Welkers beim Aufbau eines umfassenden L\u00f6schangriffs. Weitere Atemschutztrupps aus L\u00fctter und Rothemann gingen in das Geb\u00e4ude um die \u00fcbrigen Kameraden bei der Suche nach den vermissten Personen zu unterst\u00fctzen. Einige Kameraden gingen vor der Werkstatt als   Sicherungstrupps in Stellung. Ein Sicherungstrupp hat, ebenfalls mit Atemschutzger\u00e4ten ausger\u00fcstet, die Aufgabe, au\u00dferhalb eines Brandobjekt bereit zu stehen und einen in Not geratenen Atemschutzger\u00e4tetr\u00e4ger aus dem Geb\u00e4ude zu retten.<\/p>\n<p>Nach und nach fanden die Atemschutztrupps die Vermissten und retteten sie aus dem Geb\u00e4ude. Hier wurden sie von Rettungsassistenten und Sanit\u00e4tern der Feuerwehr erstversorgt und betreut. W\u00e4hrend der L\u00f6scharbeiten im Inneren entdeckten die Atemschutztrupps Autogenschwei\u00dfger\u00e4te und Acetylenflaschen. Da hier gro\u00dfe Explosionsgefahr besteht wurden sie umgehend aus dem Gefahrenbereich gebracht. Im Freien wurden die Gasflaschen dann mit einem C-Rohr gek\u00fchlt um die Gefahr einer Detonation zu minimieren. Des weiteren wurden Fahrzeuge, die nah am Geb\u00e4ude standen, ebenfalls gek\u00fchlt. Im Einsatzleitwagen der Feuerwehr Eichenzell wurden alle Ma\u00dfnahmen w\u00e4hrend der \u00dcbung dokumentiert und der Einsatz koordiniert.<\/p>\n<p>Nach \u00dcbungsende trafen sich die Feuerwehrkameraden im Feuerwehrhaus R\u00f6nshausen zur \u00dcbungsbesprechung. Zum Abschluss dankte Reiner Wilfer allen Beteiligten f\u00fcr deren Teilnahme und der Jugendfeuerwehr R\u00f6nshauen, deren Mitglieder die Verletzten darstellten. R\u00f6nshausens Wehrf\u00fchrer Michael Leibold, der die \u00dcbung mit Reiner Wilfer ausgearbeitet hatte, konnte aus gesundheitlichen Gr\u00fcnden nicht an der \u00dcbung teilnehmen.<\/p>\n\n\t\t<style type=\"text\/css\">\n\t\t\t#gallery-1 {\n\t\t\t\tmargin: auto;\n\t\t\t}\n\t\t\t#gallery-1 .gallery-item {\n\t\t\t\tfloat: left;\n\t\t\t\tmargin-top: 10px;\n\t\t\t\ttext-align: center;\n\t\t\t\twidth: 50%;\n\t\t\t}\n\t\t\t#gallery-1 img {\n\t\t\t\tborder: 2px solid #cfcfcf;\n\t\t\t}\n\t\t\t#gallery-1 .gallery-caption {\n\t\t\t\tmargin-left: 0;\n\t\t\t}\n\t\t\t\/* see gallery_shortcode() in wp-includes\/media.php *\/\n\t\t<\/style>\n\t\t<div id='gallery-1' class='gallery galleryid-74615 gallery-columns-2 gallery-size-thumbnail'><dl class='gallery-item'>\n\t\t\t<dt class='gallery-icon landscape'>\n\t\t\t\t<a href='https:\/\/www.fuldaernachrichten.de\/?attachment_id=74616'><img decoding=\"async\" width=\"150\" height=\"112\" src=\"https:\/\/www.fuldaernachrichten.de\/wp-content\/uploads\/2010\/11\/101102_P3-265x198.jpg\" class=\"attachment-thumbnail size-thumbnail\" alt=\"\" srcset=\"https:\/\/www.fuldaernachrichten.de\/wp-content\/uploads\/2010\/11\/101102_P3-265x198.jpg 265w, https:\/\/www.fuldaernachrichten.de\/wp-content\/uploads\/2010\/11\/101102_P3.jpg 592w\" sizes=\"(max-width: 150px) 100vw, 150px\" \/><\/a>\n\t\t\t<\/dt><\/dl><dl class='gallery-item'>\n\t\t\t<dt class='gallery-icon landscape'>\n\t\t\t\t<a href='https:\/\/www.fuldaernachrichten.de\/?attachment_id=74617'><img decoding=\"async\" width=\"150\" height=\"112\" src=\"https:\/\/www.fuldaernachrichten.de\/wp-content\/uploads\/2010\/11\/101102_P4-265x198.jpg\" class=\"attachment-thumbnail size-thumbnail\" alt=\"\" srcset=\"https:\/\/www.fuldaernachrichten.de\/wp-content\/uploads\/2010\/11\/101102_P4-265x198.jpg 265w, https:\/\/www.fuldaernachrichten.de\/wp-content\/uploads\/2010\/11\/101102_P4.jpg 592w\" sizes=\"(max-width: 150px) 100vw, 150px\" \/><\/a>\n\t\t\t<\/dt><\/dl><br style=\"clear: both\" \/><dl class='gallery-item'>\n\t\t\t<dt class='gallery-icon landscape'>\n\t\t\t\t<a href='https:\/\/www.fuldaernachrichten.de\/?attachment_id=74618'><img decoding=\"async\" width=\"150\" height=\"112\" src=\"https:\/\/www.fuldaernachrichten.de\/wp-content\/uploads\/2010\/11\/101102_P5-265x198.jpg\" class=\"attachment-thumbnail size-thumbnail\" alt=\"\" srcset=\"https:\/\/www.fuldaernachrichten.de\/wp-content\/uploads\/2010\/11\/101102_P5-265x198.jpg 265w, https:\/\/www.fuldaernachrichten.de\/wp-content\/uploads\/2010\/11\/101102_P5.jpg 592w\" sizes=\"(max-width: 150px) 100vw, 150px\" \/><\/a>\n\t\t\t<\/dt><\/dl><dl class='gallery-item'>\n\t\t\t<dt class='gallery-icon landscape'>\n\t\t\t\t<a href='https:\/\/www.fuldaernachrichten.de\/?attachment_id=74619'><img loading=\"lazy\" decoding=\"async\" width=\"150\" height=\"112\" src=\"https:\/\/www.fuldaernachrichten.de\/wp-content\/uploads\/2010\/11\/101102_P6-265x198.jpg\" class=\"attachment-thumbnail size-thumbnail\" alt=\"\" srcset=\"https:\/\/www.fuldaernachrichten.de\/wp-content\/uploads\/2010\/11\/101102_P6-265x198.jpg 265w, https:\/\/www.fuldaernachrichten.de\/wp-content\/uploads\/2010\/11\/101102_P6.jpg 592w\" sizes=\"(max-width: 150px) 100vw, 150px\" \/><\/a>\n\t\t\t<\/dt><\/dl><br style=\"clear: both\" \/><dl class='gallery-item'>\n\t\t\t<dt class='gallery-icon landscape'>\n\t\t\t\t<a href='https:\/\/www.fuldaernachrichten.de\/?attachment_id=74620'><img loading=\"lazy\" decoding=\"async\" width=\"150\" height=\"112\" src=\"https:\/\/www.fuldaernachrichten.de\/wp-content\/uploads\/2010\/11\/101102_P7-265x198.jpg\" class=\"attachment-thumbnail size-thumbnail\" alt=\"\" srcset=\"https:\/\/www.fuldaernachrichten.de\/wp-content\/uploads\/2010\/11\/101102_P7-265x198.jpg 265w, https:\/\/www.fuldaernachrichten.de\/wp-content\/uploads\/2010\/11\/101102_P7.jpg 592w\" sizes=\"(max-width: 150px) 100vw, 150px\" \/><\/a>\n\t\t\t<\/dt><\/dl><dl class='gallery-item'>\n\t\t\t<dt class='gallery-icon landscape'>\n\t\t\t\t<a href='https:\/\/www.fuldaernachrichten.de\/?attachment_id=74621'><img loading=\"lazy\" decoding=\"async\" width=\"150\" height=\"112\" src=\"https:\/\/www.fuldaernachrichten.de\/wp-content\/uploads\/2010\/11\/101102_P8-265x198.jpg\" class=\"attachment-thumbnail size-thumbnail\" alt=\"\" srcset=\"https:\/\/www.fuldaernachrichten.de\/wp-content\/uploads\/2010\/11\/101102_P8-265x198.jpg 265w, https:\/\/www.fuldaernachrichten.de\/wp-content\/uploads\/2010\/11\/101102_P8.jpg 592w\" sizes=\"(max-width: 150px) 100vw, 150px\" \/><\/a>\n\t\t\t<\/dt><\/dl><br style=\"clear: both\" \/><dl class='gallery-item'>\n\t\t\t<dt class='gallery-icon landscape'>\n\t\t\t\t<a href='https:\/\/www.fuldaernachrichten.de\/?attachment_id=74622'><img loading=\"lazy\" decoding=\"async\" width=\"150\" height=\"112\" src=\"https:\/\/www.fuldaernachrichten.de\/wp-content\/uploads\/2010\/11\/101102_P9-265x198.jpg\" class=\"attachment-thumbnail size-thumbnail\" alt=\"\" srcset=\"https:\/\/www.fuldaernachrichten.de\/wp-content\/uploads\/2010\/11\/101102_P9-265x198.jpg 265w, https:\/\/www.fuldaernachrichten.de\/wp-content\/uploads\/2010\/11\/101102_P9.jpg 592w\" sizes=\"(max-width: 150px) 100vw, 150px\" \/><\/a>\n\t\t\t<\/dt><\/dl>\n\t\t\t<br style='clear: both' \/>\n\t\t<\/div>\n\n","protected":false},"excerpt":{"rendered":"<div class=\"tmnf_excerpt\"><p>Eichenzell. Unter der Federf\u00fchrung der Feuerwehr R\u00f6nshausen fand in diesem Jahr die Abschluss\u00fcbung der Feuerwehren L\u00fctter, R\u00f6nshausen, Rothemann und Welkers statt. \u00dcbungsobjekt war das Geb\u00e4ude des Karosseriebaubetriebs B\u00f6hm. Angenommen wurde ein PKW-Brand in der Werkstatt des Betriebes. Die Wehren aus R\u00f6nshausen und Welkers wurden zuerst alarmiert und fuhren umgehend die Einsatzstelle an. Bei der Lageerkundung &hellip;<\/p>\n<\/div>","protected":false},"author":1,"featured_media":0,"comment_status":"closed","ping_status":"closed","sticky":false,"template":"","format":"standard","meta":{"footnotes":""},"categories":[1,71],"tags":[],"class_list":["post-74615","post","type-post","status-publish","format-standard","hentry","category-startseite","category-feuerwehr"],"_links":{"self":[{"href":"https:\/\/www.fuldaernachrichten.de\/index.php?rest_route=\/wp\/v2\/posts\/74615","targetHints":{"allow":["GET"]}}],"collection":[{"href":"https:\/\/www.fuldaernachrichten.de\/index.php?rest_route=\/wp\/v2\/posts"}],"about":[{"href":"https:\/\/www.fuldaernachrichten.de\/index.php?rest_route=\/wp\/v2\/types\/post"}],"author":[{"embeddable":true,"href":"https:\/\/www.fuldaernachrichten.de\/index.php?rest_route=\/wp\/v2\/users\/1"}],"replies":[{"embeddable":true,"href":"https:\/\/www.fuldaernachrichten.de\/index.php?rest_route=%2Fwp%2Fv2%2Fcomments&post=74615"}],"version-history":[{"count":5,"href":"https:\/\/www.fuldaernachrichten.de\/index.php?rest_route=\/wp\/v2\/posts\/74615\/revisions"}],"predecessor-version":[{"id":75087,"href":"https:\/\/www.fuldaernachrichten.de\/index.php?rest_route=\/wp\/v2\/posts\/74615\/revisions\/75087"}],"wp:attachment":[{"href":"https:\/\/www.fuldaernachrichten.de\/index.php?rest_route=%2Fwp%2Fv2%2Fmedia&parent=74615"}],"wp:term":[{"taxonomy":"category","embeddable":true,"href":"https:\/\/www.fuldaernachrichten.de\/index.php?rest_route=%2Fwp%2Fv2%2Fcategories&post=74615"},{"taxonomy":"post_tag","embeddable":true,"href":"https:\/\/www.fuldaernachrichten.de\/index.php?rest_route=%2Fwp%2Fv2%2Ftags&post=74615"}],"curies":[{"name":"wp","href":"https:\/\/api.w.org\/{rel}","templated":true}]}}