{"id":7446,"date":"2008-01-17T08:39:48","date_gmt":"2008-01-17T07:39:48","guid":{"rendered":"http:\/\/www.schoene-nachrichten.de\/?p=7446"},"modified":"2008-01-17T08:39:48","modified_gmt":"2008-01-17T07:39:48","slug":"rallye-radio-mit-live-schaltung-sowie-hr3-truck-bei-12-adac-taunus-rallye","status":"publish","type":"post","link":"https:\/\/www.fuldaernachrichten.de\/?p=7446","title":{"rendered":"Rallye-Radio mit Live-Schaltung sowie HR3-Truck bei 12. ADAC Taunus-Rallye"},"content":{"rendered":"<p><strong><a rel=\"lightbox[roadtrip]\" href=\"http:\/\/www.schoene-nachrichten.de\/wp-content\/uploads\/2008\/01\/080116_taunus-rallye.jpg\" title=\"080116_taunus-rallye.jpg\"><img decoding=\"async\" align=\"left\" src=\"http:\/\/www.schoene-nachrichten.de\/wp-content\/uploads\/2008\/01\/080116_taunus-rallye.thumbnail.jpg\" hspace=\"5\" alt=\"080116_taunus-rallye.jpg\" \/><\/a>Motorsport im Taunus.<\/strong> Nach der Absage des 2005 und 2006 durchgef\u00fchrten Uniroyal Winterpokals bildet die ADAC Taunus Rallye am Samstag, dem 9. Februar, nach drei Jahren insgeheim wieder den \u201eFr\u00fchstart\u201c in die hessische und auch deutsche Rallyesaison. Wobei damit keineswegs ein Fehlstart stattfinden soll. Im Gegenteil &#8211; mit drei anspruchsvollen Wertungspr\u00fcfungen auf Bestzeit, zwei davon werden jeweils doppelt gefahren, will die Veranstaltergemeinschaft mit Rallyeleiter Harry Oesterling an der Spitze dem Teilnehmerfeld sowohl guten als auch kompakten Rallyesport bieten.<!--more-->Kurze Wege und interessante Zuschauerpunkte f\u00fcr die Fans einerseits, ansprechende Strecken f\u00fcr die Teams andererseits. Knapp die H\u00e4lfte der etwa 36 Kilometer auf Bestzeit werden auf losem Untergrund gefahren. Dass dabei die reine Motorleistung und reines \u201eangasen\u201c nicht unbedingt zum Erfolg f\u00fchrt, bewiesen Marco Koch und Stefan Assmann im heckgetriebenen Opel Kadett C Coupe als letztj\u00e4hrige Gesamtsieger. Neben der Standfestigkeit der Technik z\u00e4hlen aber auch k\u00f6rperliche und geistige Fitness als Schl\u00fcssel zum Erfolg. Insbesondere w\u00e4hrend der Besichtigung der Strecken am Morgen vor der Veranstaltung ist h\u00f6chste Konzentration angesagt, wenn das sogenannte \u201eGebetbuch\u201c erstellt wird.<\/p>\n<p>Dabei diktiert der Fahrer seinem Beifahrer den Verlauf der Wegstrecke, wie zum Beispiel \u201eKuppe voll\u201c oder \u201eLinks 1\u201c in den Aufschrieb. Damit ist eine Kuppe gemeint, die mit Vollgas gefahren wird und eine im ersten Gang gefahrene scharfe Linkskurve. Alle WPs im Taunus d\u00fcrfen w\u00e4hrend der Besichtigung nur zweimal befahren werden. Es ist also nur eine Nachbesserung und Kontrolle des Aufschriebs m\u00f6glich. Bevor die Rallyeteams auf Bestzeitenjagd gehen, ist zuvor die freiwillige Papier- und technische Abnahme vorgesehen. Diese beginnt am Freitagabend, dem 8. Februar, um 17:30 Uhr am und im Hotel Sonnenberg in Weilrod- Riedelbach, an der B 275 zwischen Usingen und Bad Schwalbach. Neben der \u00fcblichen \u00dcberpr\u00fcfung der Formalit\u00e4ten, wie zum Beispiel F\u00fchrerschein und KFZ-Versicherung, steht hier die Kontrolle technisch relevanter Dinge am Fahrzeug im Vordergrund. Im Anschluss an die Abnahme findet unter dem Motto \u201eShakedown\u201c eine Rallyeparty im Hotel Sonnenberg statt. Der Samstag beginnt um 7 Uhr mit der Pflichtabnahme von Mensch und Maschine, ab 8 Uhr findet die Besichtigungsrunde statt. Nach dem Start des ersten Fahrzeugs im offiziellen Feld um 14:01 Uhr &#8211; die Historikwertung beginnt um 13:31 Uhr &#8211; steht mit dem gut drei Kilometer langen Sprint auf WP 1 (ab 14:13 Uhr) sozusagen ein \u201eWarmup\u201c auf dem Programm. Zumindest von der L\u00e4nge her d\u00fcrfte die als WP2 (14:29 Uhr) und WP4 (17:18 Uhr) gefahrene Sprintstrecke mit etwa zehn Kilometern die K\u00f6nigspr\u00fcfung sein.<\/p>\n<p><strong>Zuschauerrundkurs in Weilrod<br \/>\n<\/strong>Als weiteres \u201eSahneh\u00e4ubchen\u201c folgt dann ein knapp acht Kilometer langer Rundkurs in Weilrod als WP3 (15:05 Uhr) und WP5 (17:54 Uhr) auf dem Programm, der in dieser Form erstmals gefahren wird. Zwei Runden plus Ausfahrt stehen hier f\u00fcr die Teams auf dem Programm. Hier wird der Gro\u00dfteil der Zuschauer erwartet, die von einem Streckensprecher auf dem Stand der Dinge gehalten werden. Bei Einbruch der Dunkelheit macht Flutlicht beim zweiten Durchgang die Nacht zum Tag, garniert mit entsprechender Bewirtung. F\u00fcr zus\u00e4tzliche akustische Stimmung wird der HR3-Truck mit fetziger Musik sorgen. Doch schon zwischen 12 und 15 Uhr wird es auf dem Rundkurs sprichw\u00f6rtlich \u201erund\u201c gehen. In dieser Zeit sind diverse VIP-Fahrten vorgesehen, die unter dem Stichwort \u201eTaunus Rallye\u201c bei Ebay im Vorfeld ersteigert werden k\u00f6nnen. Der Erl\u00f6s kommt der Aktion Mensch zugute. Vor dem eigentlichen Start um 14 Uhr sorgen mit dem Pf\u00e4lzer Christian L\u00f6ffel (Siefersheim) und Nadia El- Sayed (R\u00f6tgen) im Porsche 924 Carrera GTS, Jens Huth \/ Marc Wetzel (Gelnhausen- Linsengericht \/ Rotenburg a. d. Fulda)) im Audi 200 Quattro und den Lokalmatadoren Mario Urban \/ Mathias Habermann aus Riedelbach im BMW 320is als Vorwagen ohne Wertung f\u00fcr einen gewissen Vorgeschmack bei den Zuschauern sorgen. Desweiteren werden diese als letzte Organisationsfahrzeuge die Sicherheit der Zuschauer und den Streckenaufbau \u00fcberpr\u00fcfen.<\/p>\n<p><strong>Vom J\u00e4ger zum Gejagten<\/strong><br \/>\nDer Nennungsschluss ist zwar erst am Veranstaltungstag um 9 Uhr, doch schon jetzt liegen dem Veranstalter mehr als 100 Anmeldungen sowohl aus dem hessischen Bereich, wie auch aus dem gesamten Bundesgebiet vor. Ob den Vorjahressiegern Marco Koch \/ Stefan Assmann (Marburg \/ Gladenbach) im Opel Kadett C Coupe ein weiterer Durchmarsch gelingt, wird sich zeigen. Dem aktuellen Spitzenteam vom AMC Hungen wollen diverse Teams das Leben schwer machen. Darunter die Vorjahreszweiten Raphael Ramonat \/ J\u00f6rg Schleicher (beide Trusetal), diesmal im seriennahen Audi S2 Quattro. Ob es zu einem direkten Duell mit Lokalmatador J\u00f6rg Altenheiner aus Wehheim, ebenfalls im seriennahen Audi S2 Quattro, kommt, bleibt abzuwarten. Gute Karten f\u00fcr eine Topplatzierung, sowohl in der Gesamt- als auch in der seriennahen Wertung d\u00fcrfen auch Thomas und Andrea Kleinw\u00e4chter (Moers) im Subaru Impreza, Daniel Rexhausen \/ Tanja Neidh\u00f6fer (Friedrichsdorf \/ Elz) im Mitsubishi Lancer Evo 9 und Rainer Noller \/ Uwe Walz (Abstatt \/ Untergruppenbach) im Mitsubishi Lancer Evo 7 einger\u00e4umt werden. F\u00fcr eine \u00dcberraschung im Kampf um eine Spitzenposition k\u00f6nnten Paul Allerts \/ Geert Grooten sorgen. Das belgisch \/ niederl\u00e4ndische Team bringt einen Toyota Celica GT 4 in der verbesserten Klasse \u00fcber drei Liter Hubraum an den Start.<\/p>\n<p><strong>Rallye-Radio mit Live-Schaltungen<br \/>\n<\/strong>Erstmals wird das Sasra Tec Team f\u00fcr das saarl\u00e4ndische Skylive-Radio live bei der Taunus Rallye dabei sein. Im Mazda 323 Turbo von Moderator Christian Steil (Saarwellingen) und Co Rolf Henkel (Beckingen) wird eine Inboardkamera installiert und auch \u00fcber Eindr\u00fccke neben der Strecke wird der Privatsender berichten. Nach der Siegerehrung gegen 22 Uhr beendet die ber\u00fcchtigte \u201eAfter Race Party\u201c im Hotel Sonnenberg die Taunus Rallye.<\/p>\n<p>Rallyeprogramme f\u00fcr drei Euro sind am Freitagabend ab 18 Uhr und am Samstag an der ED-Tankstelle in Riedelbach und im Hotel Sonnenberg erh\u00e4ltlich. Auf den WPs sind keine Programme erh\u00e4ltlich. Weitere Infos auch unter <a href=\"http:\/\/www.taunus-rallye.de\">www.taunus-rallye.de<\/a>.<\/p>\n","protected":false},"excerpt":{"rendered":"<div class=\"tmnf_excerpt\"><p>Motorsport im Taunus. Nach der Absage des 2005 und 2006 durchgef\u00fchrten Uniroyal Winterpokals bildet die ADAC Taunus Rallye am Samstag, dem 9. Februar, nach drei Jahren insgeheim wieder den \u201eFr\u00fchstart\u201c in die hessische und auch deutsche Rallyesaison. Wobei damit keineswegs ein Fehlstart stattfinden soll. Im Gegenteil &#8211; mit drei anspruchsvollen Wertungspr\u00fcfungen auf Bestzeit, zwei davon &hellip;<\/p>\n<\/div>","protected":false},"author":1,"featured_media":0,"comment_status":"closed","ping_status":"closed","sticky":false,"template":"","format":"standard","meta":{"footnotes":""},"categories":[1,35,72,46],"tags":[],"class_list":["post-7446","post","type-post","status-publish","format-standard","hentry","category-startseite","category-auto","category-jugend","category-sport"],"_links":{"self":[{"href":"https:\/\/www.fuldaernachrichten.de\/index.php?rest_route=\/wp\/v2\/posts\/7446","targetHints":{"allow":["GET"]}}],"collection":[{"href":"https:\/\/www.fuldaernachrichten.de\/index.php?rest_route=\/wp\/v2\/posts"}],"about":[{"href":"https:\/\/www.fuldaernachrichten.de\/index.php?rest_route=\/wp\/v2\/types\/post"}],"author":[{"embeddable":true,"href":"https:\/\/www.fuldaernachrichten.de\/index.php?rest_route=\/wp\/v2\/users\/1"}],"replies":[{"embeddable":true,"href":"https:\/\/www.fuldaernachrichten.de\/index.php?rest_route=%2Fwp%2Fv2%2Fcomments&post=7446"}],"version-history":[{"count":0,"href":"https:\/\/www.fuldaernachrichten.de\/index.php?rest_route=\/wp\/v2\/posts\/7446\/revisions"}],"wp:attachment":[{"href":"https:\/\/www.fuldaernachrichten.de\/index.php?rest_route=%2Fwp%2Fv2%2Fmedia&parent=7446"}],"wp:term":[{"taxonomy":"category","embeddable":true,"href":"https:\/\/www.fuldaernachrichten.de\/index.php?rest_route=%2Fwp%2Fv2%2Fcategories&post=7446"},{"taxonomy":"post_tag","embeddable":true,"href":"https:\/\/www.fuldaernachrichten.de\/index.php?rest_route=%2Fwp%2Fv2%2Ftags&post=7446"}],"curies":[{"name":"wp","href":"https:\/\/api.w.org\/{rel}","templated":true}]}}