{"id":74441,"date":"2010-11-01T02:35:58","date_gmt":"2010-11-01T01:35:58","guid":{"rendered":"http:\/\/www.fuldaer-nachrichten.de\/?p=74441"},"modified":"2010-11-01T12:36:06","modified_gmt":"2010-11-01T11:36:06","slug":"16-betreuungsassistenten-bestehen-pruefung","status":"publish","type":"post","link":"https:\/\/www.fuldaernachrichten.de\/?p=74441","title":{"rendered":"16 Betreuungsassistenten bestehen Pr\u00fcfung"},"content":{"rendered":"<p><strong><a href=\"http:\/\/www.fuldaer-nachrichten.de\/wp-content\/uploads\/2010\/11\/101101_Abschluss.jpg\"><img decoding=\"async\" class=\"alignleft size-thumbnail wp-image-74447\" title=\"101101_Abschluss\" src=\"http:\/\/www.fuldaer-nachrichten.de\/wp-content\/uploads\/2010\/11\/101101_Abschluss-265x176.jpg\" alt=\"\" width=\"265\" height=\"176\" srcset=\"https:\/\/www.fuldaernachrichten.de\/wp-content\/uploads\/2010\/11\/101101_Abschluss-265x176.jpg 265w, https:\/\/www.fuldaernachrichten.de\/wp-content\/uploads\/2010\/11\/101101_Abschluss.jpg 592w\" sizes=\"(max-width: 265px) 100vw, 265px\" \/><\/a>Fulda.<\/strong> 16 Frauen und M\u00e4nner haben erfolgreich ihre Pr\u00fcfung zum Betreuungsassistenten bestanden und sind nun f\u00fcr die Betreuung von Demenzpatienten in ambulanter und station\u00e4rer Pflege qualifiziert. Die Weiterbildung haben die Malteser bereits zum zweiten Mal in Kooperation mit dem Amt f\u00fcr Arbeit und Soziales des Landkreises Fulda angeboten. Sie umfasst 200 Unterrichtseinheiten sowie 80 Stunden Praktikum in einer Pflegeeinrichtung oder in der Altenpflege. Die Qualifikation vermittelt Wissen im Umgang mit Demenzpatienten sowie M\u00f6glichkeiten der Aktivierung und Besch\u00e4ftigung. Dar\u00fcber hinaus lernen die Teilnehmer Grundlagen der Hauswirtschaft und Ern\u00e4hrung. N\u00e4here Informationen zur Ausbildung zum Betreuungsassistenten (gem\u00e4\u00df \u00c2\u00a7 87b SGB XI) erteilt Petra Sch\u00f6ppner, Malteser Hilfsdienst, Wilhelmstr. 4, 36037 Fulda, Tel.: 0661-86977-15.<\/p>\n","protected":false},"excerpt":{"rendered":"<div class=\"tmnf_excerpt\"><p>Fulda. 16 Frauen und M\u00e4nner haben erfolgreich ihre Pr\u00fcfung zum Betreuungsassistenten bestanden und sind nun f\u00fcr die Betreuung von Demenzpatienten in ambulanter und station\u00e4rer Pflege qualifiziert. Die Weiterbildung haben die Malteser bereits zum zweiten Mal in Kooperation mit dem Amt f\u00fcr Arbeit und Soziales des Landkreises Fulda angeboten. Sie umfasst 200 Unterrichtseinheiten sowie 80 Stunden &hellip;<\/p>\n<\/div>","protected":false},"author":1,"featured_media":0,"comment_status":"closed","ping_status":"closed","sticky":false,"template":"","format":"standard","meta":{"footnotes":""},"categories":[1],"tags":[],"class_list":["post-74441","post","type-post","status-publish","format-standard","hentry","category-startseite"],"_links":{"self":[{"href":"https:\/\/www.fuldaernachrichten.de\/index.php?rest_route=\/wp\/v2\/posts\/74441","targetHints":{"allow":["GET"]}}],"collection":[{"href":"https:\/\/www.fuldaernachrichten.de\/index.php?rest_route=\/wp\/v2\/posts"}],"about":[{"href":"https:\/\/www.fuldaernachrichten.de\/index.php?rest_route=\/wp\/v2\/types\/post"}],"author":[{"embeddable":true,"href":"https:\/\/www.fuldaernachrichten.de\/index.php?rest_route=\/wp\/v2\/users\/1"}],"replies":[{"embeddable":true,"href":"https:\/\/www.fuldaernachrichten.de\/index.php?rest_route=%2Fwp%2Fv2%2Fcomments&post=74441"}],"version-history":[{"count":3,"href":"https:\/\/www.fuldaernachrichten.de\/index.php?rest_route=\/wp\/v2\/posts\/74441\/revisions"}],"predecessor-version":[{"id":74452,"href":"https:\/\/www.fuldaernachrichten.de\/index.php?rest_route=\/wp\/v2\/posts\/74441\/revisions\/74452"}],"wp:attachment":[{"href":"https:\/\/www.fuldaernachrichten.de\/index.php?rest_route=%2Fwp%2Fv2%2Fmedia&parent=74441"}],"wp:term":[{"taxonomy":"category","embeddable":true,"href":"https:\/\/www.fuldaernachrichten.de\/index.php?rest_route=%2Fwp%2Fv2%2Fcategories&post=74441"},{"taxonomy":"post_tag","embeddable":true,"href":"https:\/\/www.fuldaernachrichten.de\/index.php?rest_route=%2Fwp%2Fv2%2Ftags&post=74441"}],"curies":[{"name":"wp","href":"https:\/\/api.w.org\/{rel}","templated":true}]}}