{"id":74430,"date":"2010-11-01T04:31:26","date_gmt":"2010-11-01T03:31:26","guid":{"rendered":"http:\/\/www.fuldaer-nachrichten.de\/?p=74430"},"modified":"2010-11-01T12:31:39","modified_gmt":"2010-11-01T11:31:39","slug":"guter-start-fuer-den-verein-eine-schule-fuer-alle-in-fulda-e-v","status":"publish","type":"post","link":"https:\/\/www.fuldaernachrichten.de\/?p=74430","title":{"rendered":"Guter Start f\u00fcr den Verein \u201eEine Schule f\u00fcr Alle! in Fulda e.V.\u201c"},"content":{"rendered":"<p><strong><a href=\"http:\/\/www.fuldaer-nachrichten.de\/wp-content\/uploads\/2010\/11\/101101_Logo.jpg\"><img decoding=\"async\" class=\"alignleft size-thumbnail wp-image-74434\" title=\"101101_Logo\" src=\"http:\/\/www.fuldaer-nachrichten.de\/wp-content\/uploads\/2010\/11\/101101_Logo-265x111.jpg\" alt=\"\" width=\"265\" height=\"111\" srcset=\"https:\/\/www.fuldaernachrichten.de\/wp-content\/uploads\/2010\/11\/101101_Logo-265x111.jpg 265w, https:\/\/www.fuldaernachrichten.de\/wp-content\/uploads\/2010\/11\/101101_Logo.jpg 592w\" sizes=\"(max-width: 265px) 100vw, 265px\" \/><\/a>Fulda. <\/strong>Der Verein \u201eEine Schule f\u00fcr Alle! In Fulda e.V.\u201c &#8211; Verein zur F\u00f6rderung inklusiver Schulbildung im Landkreis Fulda &#8211; lud am 29. Oktober zu seiner Auftaktveranstaltung ein. Der Vereinsvorsitzende Christian Brandt begr\u00fc\u00dfte die rund 80 G\u00e4ste in der Aula der Caritas Behindertenhilfe und machte in seiner Einleitung deutlich, dass Inklusion mehr ist, als ein neues Wort f\u00fcr Integration in der Schule. Hinter dem Begriff stehe f\u00fcr den Verein eine besondere Haltung, die jeden Menschen in der Gesellschaft als gleichberechtigtes Mitglied betrachtet, unabh\u00e4ngig von Herkunft, F\u00e4higkeiten, Einschr\u00e4nkungen oder sonstigen Merkmalen, die uns als Menschen unterscheiden.<!--more--><\/p>\n<p>Referentin Sibylle Hausmanns, Mitglied im Vorstand der Landesarbeitsgemeinschaft \u201egemeinsam leben &#8211; gemeinsam lernen\u201c, erl\u00e4uterte die Bedeutung der UN-Behindertenrechtskonvention, die 2006 von den Vereinten Nationen abgestimmt wurde. Hausmanns hob hervor, dass durch den neuen Behindertenbegriff, der umwelt- und einstellungsbedingte Barrieren als Behinderung benennt, Herausforderungen entstehen, die uns alle angehen. Durch die UN-Konvention wurde eine grunds\u00e4tzliche Werteentscheidung zugunsten inklusiver Bildung getroffen. Im Unterschied zur bisherigen Regelung muss nicht mehr begr\u00fcndet werden, dass ein Kind mit sonderp\u00e4dagogischem F\u00f6rderbedarf die allgemeine Schule besuchen kann. Zuk\u00fcnftig ist zu erl\u00e4utern, wenn dieses Kind nicht in die Regelschule gehen soll.<\/p>\n<p>Kristin Schmitt, Vorstandmitglied des Fuldaer Vereins, beschrieb anschlie\u00dfend eindr\u00fccklich die Vision einer inklusiven Schule, die allen Kindern einen gemeinsamen Lern- und Lebensraum erm\u00f6glicht. Die Vielfalt der Kinder, die aufgrund der unterschiedlichen pers\u00f6nlichen und famili\u00e4ren Voraussetzungen besteht, wird als Chance begriffen, um Kinder auf ihrem schulischen Weg optimal zu begleiten. Diesen Grundsatz griff Lutz Kunze auf. Der p\u00e4dagogische Leiter der Integrativen Schule Frankfurt forderte: \u201eSchule soll helfen, \u00fcber Hindernisse hinweg zu kommen und zwar f\u00fcr alle Kinder\u201c. Im Folgenden gab der Schulleiter einen kurzen Einblick in den Unterrichtsalltag seiner Schule: W\u00e4hrend des Unterrichts arbeiten zwar alle Kinder am selben Thema, jedes aber in seinem eigenen Lerntempo. Es gibt Phasen, in denen einzelne Kinder oder Gruppen auf ihrem Entwicklungsniveau lernen, und Phasen, in denen dann alles zusammengef\u00fchrt wird. Zudem gibt es auch eine angemessene R\u00fcckmeldekultur durch Lernentwicklungsberichte statt Ziffernoten. \u201eWichtig ist der Blick auf den Einzelnen\u201c, betont Kunze.<\/p>\n<p>Zum Abschluss der Veranstaltung warb Vorstandsmitglied Carolin Hohmann darum, die Arbeit des Vereins aktiv zu unterst\u00fctzen und den noch kleinen Kreis der Mitglieder zu erweitern. Der Verein \u201eEine Schule f\u00fcr Alle! in Fulda e.V.\u201c hat sich zum Ziel gesetzt, \u00d6ffentlichkeitsarbeit zum Thema inklusive Bildung zu betreiben, Schulen zur Ver\u00e4nderung anzuregen und dabei zu unterst\u00fctzen sowie Schultr\u00e4ger f\u00fcr eine inklusive Schule zu suchen. Der Abend endete mit einem regen Austausch, der vom Duo \u201eChris and Me\u201c begleitet wurde, das die Veranstaltung musikalisch umrahmte.<\/p>\n","protected":false},"excerpt":{"rendered":"<div class=\"tmnf_excerpt\"><p>Fulda. Der Verein \u201eEine Schule f\u00fcr Alle! In Fulda e.V.\u201c &#8211; Verein zur F\u00f6rderung inklusiver Schulbildung im Landkreis Fulda &#8211; lud am 29. Oktober zu seiner Auftaktveranstaltung ein. Der Vereinsvorsitzende Christian Brandt begr\u00fc\u00dfte die rund 80 G\u00e4ste in der Aula der Caritas Behindertenhilfe und machte in seiner Einleitung deutlich, dass Inklusion mehr ist, als ein &hellip;<\/p>\n<\/div>","protected":false},"author":1,"featured_media":0,"comment_status":"closed","ping_status":"closed","sticky":false,"template":"","format":"standard","meta":{"footnotes":""},"categories":[1],"tags":[],"class_list":["post-74430","post","type-post","status-publish","format-standard","hentry","category-startseite"],"_links":{"self":[{"href":"https:\/\/www.fuldaernachrichten.de\/index.php?rest_route=\/wp\/v2\/posts\/74430","targetHints":{"allow":["GET"]}}],"collection":[{"href":"https:\/\/www.fuldaernachrichten.de\/index.php?rest_route=\/wp\/v2\/posts"}],"about":[{"href":"https:\/\/www.fuldaernachrichten.de\/index.php?rest_route=\/wp\/v2\/types\/post"}],"author":[{"embeddable":true,"href":"https:\/\/www.fuldaernachrichten.de\/index.php?rest_route=\/wp\/v2\/users\/1"}],"replies":[{"embeddable":true,"href":"https:\/\/www.fuldaernachrichten.de\/index.php?rest_route=%2Fwp%2Fv2%2Fcomments&post=74430"}],"version-history":[{"count":2,"href":"https:\/\/www.fuldaernachrichten.de\/index.php?rest_route=\/wp\/v2\/posts\/74430\/revisions"}],"predecessor-version":[{"id":74438,"href":"https:\/\/www.fuldaernachrichten.de\/index.php?rest_route=\/wp\/v2\/posts\/74430\/revisions\/74438"}],"wp:attachment":[{"href":"https:\/\/www.fuldaernachrichten.de\/index.php?rest_route=%2Fwp%2Fv2%2Fmedia&parent=74430"}],"wp:term":[{"taxonomy":"category","embeddable":true,"href":"https:\/\/www.fuldaernachrichten.de\/index.php?rest_route=%2Fwp%2Fv2%2Fcategories&post=74430"},{"taxonomy":"post_tag","embeddable":true,"href":"https:\/\/www.fuldaernachrichten.de\/index.php?rest_route=%2Fwp%2Fv2%2Ftags&post=74430"}],"curies":[{"name":"wp","href":"https:\/\/api.w.org\/{rel}","templated":true}]}}