{"id":74418,"date":"2010-11-01T01:29:50","date_gmt":"2010-11-01T00:29:50","guid":{"rendered":"http:\/\/www.fuldaer-nachrichten.de\/?p=74418"},"modified":"2010-11-01T12:30:11","modified_gmt":"2010-11-01T11:30:11","slug":"bewilligungsbescheid-fuer-bau-einer-kinderkrippe-in-flieden-ueberreicht","status":"publish","type":"post","link":"https:\/\/www.fuldaernachrichten.de\/?p=74418","title":{"rendered":"Bewilligungsbescheid f\u00fcr Bau einer Kinderkrippe in Flieden \u00fcberreicht"},"content":{"rendered":"<p><strong><a href=\"http:\/\/www.fuldaer-nachrichten.de\/wp-content\/uploads\/2010\/11\/101101_Bewilligungsbescheid.jpg\"><img decoding=\"async\" class=\"alignleft size-thumbnail wp-image-74421\" title=\"101101_Bewilligungsbescheid\" src=\"http:\/\/www.fuldaer-nachrichten.de\/wp-content\/uploads\/2010\/11\/101101_Bewilligungsbescheid-265x176.jpg\" alt=\"\" width=\"265\" height=\"176\" srcset=\"https:\/\/www.fuldaernachrichten.de\/wp-content\/uploads\/2010\/11\/101101_Bewilligungsbescheid-265x176.jpg 265w, https:\/\/www.fuldaernachrichten.de\/wp-content\/uploads\/2010\/11\/101101_Bewilligungsbescheid.jpg 592w\" sizes=\"(max-width: 265px) 100vw, 265px\" \/><\/a>Flieden. <\/strong>Als wichtigen Bestandteil der sozialen Infrastruktur einer Gemeinde hat Erster Kreisbeigeordneter Dr. Heiko Wingenfeld die Schaffung von Betreuungspl\u00e4tzen f\u00fcr unter Dreij\u00e4hrige (U3) bezeichnet. Die bisherigen Erfahrungen zeigten, dass entsprechende Angebote gut angenommen w\u00fcrden, wenn beide Elternteile berufst\u00e4tig sein wollten oder m\u00fcssten. Gemeinsam mit der Leiterin der Fachstelle Kindertagespflege beim Landkreis Fulda, Elke Krack-Drinnenberg, \u00fcberreichte der Ersten Kreisbeigeordnete einen Bewilligungsbescheid \u00fcber 450.000 Euro aus dem Bundesinvestitionsprogramm \u201eKinderbetreuungsfinanzierung\u201c f\u00fcr den Bau einer Kinderkrippe mit drei Gruppen an Fliedens B\u00fcrgermeister Winfried Kress. Um jungen Familien die Entscheidung f\u00fcr Kinder zu erleichtern, sollten sie auf ein bedarfsgerechtes und wohnortnahes Betreuungsangebot in Einrichtungen oder bei Kindertagespflegepersonen zur\u00fcckgreifen k\u00f6nnen, betonte Dr. Wingenfeld.<!--more--><\/p>\n<p>Dies bedeute keine Geringsch\u00e4tzung der Erziehung in der Familie. B\u00fcrgermeister Kress sprach von einem wegweisenden Schritt f\u00fcr die k\u00fcnftige Entwicklung von Flieden und dankte namentlich dem Ersten Kreisbeigeordneten, dass er sich sehr um eine schnelle F\u00f6rderung der geplanten Ma\u00dfnahme aus dem Investitionsprogramm bem\u00fcht habe. Die Weichen f\u00fcr einen Baubeginn in 2011 seien gestellt. Der gew\u00e4hlte Standort werde den Ortskern weiter aufwerten. Der Vorsitzende des privaten Tr\u00e4gervereins \u201eDie Menschenkinder\u201c, Dr. J\u00fcrgen Harengel, zeigte sich optimistisch, dass die neue Kinderkrippe bezogen werden k\u00f6nne, wenn die Genehmigung f\u00fcr die \u00fcbergangsweise Nutzung der Jugendbegegnungsst\u00e4tte zur U3-Betreuung auslaufe.<\/p>\n","protected":false},"excerpt":{"rendered":"<div class=\"tmnf_excerpt\"><p>Flieden. Als wichtigen Bestandteil der sozialen Infrastruktur einer Gemeinde hat Erster Kreisbeigeordneter Dr. Heiko Wingenfeld die Schaffung von Betreuungspl\u00e4tzen f\u00fcr unter Dreij\u00e4hrige (U3) bezeichnet. Die bisherigen Erfahrungen zeigten, dass entsprechende Angebote gut angenommen w\u00fcrden, wenn beide Elternteile berufst\u00e4tig sein wollten oder m\u00fcssten. Gemeinsam mit der Leiterin der Fachstelle Kindertagespflege beim Landkreis Fulda, Elke Krack-Drinnenberg, \u00fcberreichte &hellip;<\/p>\n<\/div>","protected":false},"author":1,"featured_media":0,"comment_status":"closed","ping_status":"closed","sticky":false,"template":"","format":"standard","meta":{"footnotes":""},"categories":[1],"tags":[],"class_list":["post-74418","post","type-post","status-publish","format-standard","hentry","category-startseite"],"_links":{"self":[{"href":"https:\/\/www.fuldaernachrichten.de\/index.php?rest_route=\/wp\/v2\/posts\/74418","targetHints":{"allow":["GET"]}}],"collection":[{"href":"https:\/\/www.fuldaernachrichten.de\/index.php?rest_route=\/wp\/v2\/posts"}],"about":[{"href":"https:\/\/www.fuldaernachrichten.de\/index.php?rest_route=\/wp\/v2\/types\/post"}],"author":[{"embeddable":true,"href":"https:\/\/www.fuldaernachrichten.de\/index.php?rest_route=\/wp\/v2\/users\/1"}],"replies":[{"embeddable":true,"href":"https:\/\/www.fuldaernachrichten.de\/index.php?rest_route=%2Fwp%2Fv2%2Fcomments&post=74418"}],"version-history":[{"count":3,"href":"https:\/\/www.fuldaernachrichten.de\/index.php?rest_route=\/wp\/v2\/posts\/74418\/revisions"}],"predecessor-version":[{"id":74432,"href":"https:\/\/www.fuldaernachrichten.de\/index.php?rest_route=\/wp\/v2\/posts\/74418\/revisions\/74432"}],"wp:attachment":[{"href":"https:\/\/www.fuldaernachrichten.de\/index.php?rest_route=%2Fwp%2Fv2%2Fmedia&parent=74418"}],"wp:term":[{"taxonomy":"category","embeddable":true,"href":"https:\/\/www.fuldaernachrichten.de\/index.php?rest_route=%2Fwp%2Fv2%2Fcategories&post=74418"},{"taxonomy":"post_tag","embeddable":true,"href":"https:\/\/www.fuldaernachrichten.de\/index.php?rest_route=%2Fwp%2Fv2%2Ftags&post=74418"}],"curies":[{"name":"wp","href":"https:\/\/api.w.org\/{rel}","templated":true}]}}