{"id":74411,"date":"2010-11-02T00:21:42","date_gmt":"2010-11-01T23:21:42","guid":{"rendered":"http:\/\/www.fuldaer-nachrichten.de\/?p=74411"},"modified":"2010-11-01T15:22:05","modified_gmt":"2010-11-01T14:22:05","slug":"and-and-and-eine-kuenstlerinitiative-die-die-zeit-bis-zur-documenta-13-im-jahr-2012-nutzen-wird","status":"publish","type":"post","link":"https:\/\/www.fuldaernachrichten.de\/?p=74411","title":{"rendered":"AND AND AND &#8211; eine K\u00fcnstlerinitiative, die die Zeit bis zur dOCUMENTA (13) im Jahr 2012 nutzen wird"},"content":{"rendered":"<p><strong>Kassel. <\/strong>AND AND AND ist eine K\u00fcnstlerinitiative, die die Zeit bis zur dOCUMENTA (13) im Jahr 2012 nutzen wird, um gemeinsam mit anderen K\u00fcnstlerInnen und Gruppen aus der ganzen Welt die Rolle von Kunst und Kultur in der heutigen Zeit zu untersuchen. Die so entstehende Serie k\u00fcnstlerischer Interventionen und Ereignisse ist Teil der dOCUMENTA (13). Sie leistet eine Bestandsaufnahme unterschiedlichster zeitgen\u00f6ssischer Positionen und bietet verschiedene Ankn\u00fcpfungspunkte f\u00fcr eine Auseinandersetzung.<!--more--><\/p>\n<p>F\u00fcr die sechste Veranstaltung hat AND AND AND ein italienisches K\u00fcnstlerkollektiv, bestehend aus Emilio Fantin, Luigi Negro, Giancarlo Norese and Cesare Pietroiusti, eingeladen. F\u00fcr die Serie von AND AND AND Veranstaltungen hat das Kollektiv sich entschlossen, in Kollaboration mit Luigi Presicce, den 2. November, Allerseelen, also den Gedenktag der Toten, in einen neuen Feiertag zu verwandeln: \u201eLa Festa dei Vivi (che riflettono sulla morte)\u00e2\u20ac\u009d, oder auch \u201eDas Fest der Lebenden (die an die Toten denken)\u201c. Um dieses Fest zu feiern, m\u00f6chten die K\u00fcnstler alle Interessenten einladen, an einer Pilgerfahrt teilzunehmen. Eine Pilgerfahrt, die wohl die k\u00fcrzeste und langsamste der Welt ist, die von ihrem Zielort, Lu Cafausu in San Cesario di Lecce, ausgeht (statt an ihm anzukommen).<\/p>\n<p>Lu Cafausu ist ein mysteri\u00f6ses kleines Geb\u00e4ude, ein architektonisches \u00dcberbleibsel, das die K\u00fcnstler bewusst ausgew\u00e4hlt haben als Quelle von Metaphern und Erz\u00e4hlungen. Es ist ein \u201cimaginierter Ort, der tats\u00e4chlich existiert\u201c, und den die Anwesenheit des Todes umgibt. Jeden Tag kann das Geb\u00e4ude abgerissen werden, um einem Parkplatz zu weichen, oder es kann einfach zusammenbrechen aufgrund seiner bedenklichen baulichen Substanz. Es k\u00f6nnte aber auch umgewandelt, eingefroren werden in ein Monument. Dieses Gef\u00fchl der Todesn\u00e4he ist es auch, das Lu Cafausu zu einem idealen Ort der neuen Feierlichkeiten macht. \u201eLa Festa dei Vivi\u201c ist denen gewidmet, die, um dem Leben einen Sinn zu geben, \u00fcber den Tod nachdenken &#8211; den eigenen, \u201ein erster Linie\u201c.<\/p>\n<p>Zeit: Dienstag, 2. November 2010, 10 Uhr<br \/>\nStadt: San Cesario di Lecce<br \/>\nLand: Italien<br \/>\nAdresse: via C.F. Barbieri, 52<br \/>\nKoordinaten: 40\u00c2\u00b018&#8217;1&#8243;N 18\u00c2\u00b09&#8217;43&#8243;E<\/p>\n","protected":false},"excerpt":{"rendered":"<div class=\"tmnf_excerpt\"><p>Kassel. AND AND AND ist eine K\u00fcnstlerinitiative, die die Zeit bis zur dOCUMENTA (13) im Jahr 2012 nutzen wird, um gemeinsam mit anderen K\u00fcnstlerInnen und Gruppen aus der ganzen Welt die Rolle von Kunst und Kultur in der heutigen Zeit zu untersuchen. Die so entstehende Serie k\u00fcnstlerischer Interventionen und Ereignisse ist Teil der dOCUMENTA (13). &hellip;<\/p>\n<\/div>","protected":false},"author":1,"featured_media":0,"comment_status":"closed","ping_status":"closed","sticky":false,"template":"","format":"standard","meta":{"footnotes":""},"categories":[1],"tags":[],"class_list":["post-74411","post","type-post","status-publish","format-standard","hentry","category-startseite"],"_links":{"self":[{"href":"https:\/\/www.fuldaernachrichten.de\/index.php?rest_route=\/wp\/v2\/posts\/74411","targetHints":{"allow":["GET"]}}],"collection":[{"href":"https:\/\/www.fuldaernachrichten.de\/index.php?rest_route=\/wp\/v2\/posts"}],"about":[{"href":"https:\/\/www.fuldaernachrichten.de\/index.php?rest_route=\/wp\/v2\/types\/post"}],"author":[{"embeddable":true,"href":"https:\/\/www.fuldaernachrichten.de\/index.php?rest_route=\/wp\/v2\/users\/1"}],"replies":[{"embeddable":true,"href":"https:\/\/www.fuldaernachrichten.de\/index.php?rest_route=%2Fwp%2Fv2%2Fcomments&post=74411"}],"version-history":[{"count":2,"href":"https:\/\/www.fuldaernachrichten.de\/index.php?rest_route=\/wp\/v2\/posts\/74411\/revisions"}],"predecessor-version":[{"id":74469,"href":"https:\/\/www.fuldaernachrichten.de\/index.php?rest_route=\/wp\/v2\/posts\/74411\/revisions\/74469"}],"wp:attachment":[{"href":"https:\/\/www.fuldaernachrichten.de\/index.php?rest_route=%2Fwp%2Fv2%2Fmedia&parent=74411"}],"wp:term":[{"taxonomy":"category","embeddable":true,"href":"https:\/\/www.fuldaernachrichten.de\/index.php?rest_route=%2Fwp%2Fv2%2Fcategories&post=74411"},{"taxonomy":"post_tag","embeddable":true,"href":"https:\/\/www.fuldaernachrichten.de\/index.php?rest_route=%2Fwp%2Fv2%2Ftags&post=74411"}],"curies":[{"name":"wp","href":"https:\/\/api.w.org\/{rel}","templated":true}]}}