{"id":7419,"date":"2008-01-16T00:46:56","date_gmt":"2008-01-15T23:46:56","guid":{"rendered":"http:\/\/www.schoene-nachrichten.de\/?p=7419"},"modified":"2008-01-16T00:46:56","modified_gmt":"2008-01-15T23:46:56","slug":"achten-statt-aechten-caritas-startet-initiative-fuer-benachteiligte-jugendliche","status":"publish","type":"post","link":"https:\/\/www.fuldaernachrichten.de\/?p=7419","title":{"rendered":"Achten statt \u00e4chten: Caritas startet Initiative f\u00fcr benachteiligte Jugendliche"},"content":{"rendered":"<p><strong>Berlin\/Fulda.<\/strong> Unter dem Motto \u201eAchten statt \u00e4chten\u201c setzt sich die Caritas im neuen Jahr 2008 f\u00fcr eine ver\u00e4nderte Haltung gegen\u00fcber benachteiligten Jugendlichen ein. Zum Kampagnen-Auftakt in der vergangenen Woche in Berlin machte Caritas-Pr\u00e4sident Peter Neher vor Journalisten deutlich: &#8220;Wir wollen f\u00fcr die Anliegen junger Menschen sensibilisieren, die durch ihre famili\u00e4re, soziale und die Bildungssituation benachteiligt sind.&#8221; Nach wie vor gebe es in Deutschland einen fatalen Zusammenhang zwischen der sozialen Herkunft und den Bildungs- und damit auch Lebenschancen von Kindern und Jugendlichen.<!--more--><\/p>\n<p>Mit der diesj\u00e4hrigen Kampagne setzt die Caritas ihre Bef\u00e4higungsinitiative aus den Vorjahren fort, deren Ziel es ist, die Lebenschancen benachteiligter Kinder und Jugendlicher in Deutschland zu st\u00e4rken. Auch der Caritasverband f\u00fcr die Di\u00f6zese Fulda wird in diesem Jahr verst\u00e4rkt die Situation junger Menschen zwischen Kassel und Hanau, Marburg und Geisa in den Blickwinkel r\u00fccken und mit seiner Arbeit dazu beitragen, Benachteiligungen auszur\u00e4umen.\u00c2\u00a0<br \/>\nInformationen zur Caritas-Kampagne 2008 finden Interessierte unter <a target=\"_blank\" href=\"http:\/\/www.achten-statt-aechten.de\">www.achten-statt-aechten.de<\/a> und unter <a target=\"_blank\" href=\"http:\/\/www.caritas.de\">www.caritas.de<\/a>. (cif)<\/p>\n","protected":false},"excerpt":{"rendered":"<div class=\"tmnf_excerpt\"><p>Berlin\/Fulda. Unter dem Motto \u201eAchten statt \u00e4chten\u201c setzt sich die Caritas im neuen Jahr 2008 f\u00fcr eine ver\u00e4nderte Haltung gegen\u00fcber benachteiligten Jugendlichen ein. Zum Kampagnen-Auftakt in der vergangenen Woche in Berlin machte Caritas-Pr\u00e4sident Peter Neher vor Journalisten deutlich: &#8220;Wir wollen f\u00fcr die Anliegen junger Menschen sensibilisieren, die durch ihre famili\u00e4re, soziale und die Bildungssituation benachteiligt &hellip;<\/p>\n<\/div>","protected":false},"author":1,"featured_media":0,"comment_status":"closed","ping_status":"closed","sticky":false,"template":"","format":"standard","meta":{"footnotes":""},"categories":[1,72],"tags":[],"class_list":["post-7419","post","type-post","status-publish","format-standard","hentry","category-startseite","category-jugend"],"_links":{"self":[{"href":"https:\/\/www.fuldaernachrichten.de\/index.php?rest_route=\/wp\/v2\/posts\/7419","targetHints":{"allow":["GET"]}}],"collection":[{"href":"https:\/\/www.fuldaernachrichten.de\/index.php?rest_route=\/wp\/v2\/posts"}],"about":[{"href":"https:\/\/www.fuldaernachrichten.de\/index.php?rest_route=\/wp\/v2\/types\/post"}],"author":[{"embeddable":true,"href":"https:\/\/www.fuldaernachrichten.de\/index.php?rest_route=\/wp\/v2\/users\/1"}],"replies":[{"embeddable":true,"href":"https:\/\/www.fuldaernachrichten.de\/index.php?rest_route=%2Fwp%2Fv2%2Fcomments&post=7419"}],"version-history":[{"count":0,"href":"https:\/\/www.fuldaernachrichten.de\/index.php?rest_route=\/wp\/v2\/posts\/7419\/revisions"}],"wp:attachment":[{"href":"https:\/\/www.fuldaernachrichten.de\/index.php?rest_route=%2Fwp%2Fv2%2Fmedia&parent=7419"}],"wp:term":[{"taxonomy":"category","embeddable":true,"href":"https:\/\/www.fuldaernachrichten.de\/index.php?rest_route=%2Fwp%2Fv2%2Fcategories&post=7419"},{"taxonomy":"post_tag","embeddable":true,"href":"https:\/\/www.fuldaernachrichten.de\/index.php?rest_route=%2Fwp%2Fv2%2Ftags&post=7419"}],"curies":[{"name":"wp","href":"https:\/\/api.w.org\/{rel}","templated":true}]}}