{"id":7394,"date":"2008-01-15T00:52:38","date_gmt":"2008-01-14T23:52:38","guid":{"rendered":"http:\/\/www.schoene-nachrichten.de\/?p=7394"},"modified":"2008-01-15T00:52:38","modified_gmt":"2008-01-14T23:52:38","slug":"uewag-gruppe-plant-2008-investitionen-in-hoehe-von-rund-19-millionen-euro","status":"publish","type":"post","link":"https:\/\/www.fuldaernachrichten.de\/?p=7394","title":{"rendered":"\u00dcWAG-Gruppe plant 2008 Investitionen in H\u00f6he von rund 19 Millionen Euro"},"content":{"rendered":"<p><strong>Fulda.<\/strong> Rund 19 Millionen Euro werden die \u00dcberlandwerk Fulda Aktiengesellschaft, das f\u00fchrende osthessische Energieversorgungsunternehmen, und seine sieben Tochtergesellschaften im Jahr 2008 insgesamt investieren. Zum allergr\u00f6\u00dften Teil flie\u00dfen diese Investitionen auch in diesem Jahr in die Region. <!--more--><\/p>\n<p>Rund 13 Millionen Euro wird die \u00dcWAG selbst im laufenden Jahr investieren; die Schwerpunkte der Investitionen liegen wie in der Vergangenheit in der Modernisierung und Erweiterung des Verteilnetzes. Gr\u00f6\u00dfter Einzelposten im Jahr 2008 ist mit der Investition von einer Million Euro (nachdem hierf\u00fcr bereits im Vorjahr in gleicher H\u00f6he investiert wurde) der Ersatz der 20.000-Volt-Schaltanlage im Umspannwerk Burghaun. Sie soll Ende Juli fertiggestellt sein.<\/p>\n<p><strong>Zuverl\u00e4ssigkeit der Energieversorgung wird weiter erh\u00f6ht<\/strong><\/p>\n<p>Durch solche Modernisierungen erh\u00f6ht sich die Zuverl\u00e4ssigkeit der Stromversorgung im \u00dcWAG-Netz weiter. \u201eWir investieren gezielt in modernste Technik, die uns erm\u00f6glicht, unsere Betriebskosten weiter zu optimieren. Damit wollen wir den staatlichen Vorgaben zur Kostensenkung, die sich in den kommenden Jahren ja weiter deutlich versch\u00e4rfen werden, begegnen\u201c, beschreibt \u00dcWAG-Vorstand Dipl.-Ing. G\u00fcnter Bury die Strategie seines Unternehmens.<\/p>\n<p>Weitere Investitionen flie\u00dfen in die Erschlie\u00dfung von Neubaugebieten, zum Beispiel f\u00fcr den Wohnpark West auf der Fulda Galerie. Auch das Leitungsnetz der \u00dcWAG wird kontinuierlich weiter modernisiert: So tauscht das Unternehmen 20.000-Volt-Freileitungen gegen Erdkabel aus und ersetzt \u00e4ltere Trafostationen wie Gittermast- und Turmstationen durch kleine kompakte Anlagen.<\/p>\n<p><strong>Infrastrukturma\u00dfnahmen und Umweltschutz<\/strong><\/p>\n<p>Viele Aktivit\u00e4ten finden weiterhin im Zusammenhang mit dem Bau des Tunnels der Autobahn A 66 bei Neuhof statt. Unter anderem muss der geplante Tunnel, die vorhandenen Gleistrassen der Deutschen Bahn und die Bundesstra\u00dfe B 40 mit mehreren Kabeln unterkreuzt werden. Auch Neuerrichtung und Ersatz von Stra\u00dfenleuchten sind vorgesehen.<\/p>\n<p>Bei den Tochtergesellschaften der \u00dcWAG sind f\u00fcr das Jahr 2008 insgesamt Investitionen von rund sechs Millionen Euro geplant. Damit werden beispielsweise das Engagement f\u00fcr Anlagen zur Nutzung regenerativer Energien, die Anschaffung von Linienbussen mit modernster Abgastechnik und neue Contracting-Projekte finanziert.<\/p>\n","protected":false},"excerpt":{"rendered":"<div class=\"tmnf_excerpt\"><p>Fulda. Rund 19 Millionen Euro werden die \u00dcberlandwerk Fulda Aktiengesellschaft, das f\u00fchrende osthessische Energieversorgungsunternehmen, und seine sieben Tochtergesellschaften im Jahr 2008 insgesamt investieren. Zum allergr\u00f6\u00dften Teil flie\u00dfen diese Investitionen auch in diesem Jahr in die Region.<\/p>\n<\/div>","protected":false},"author":1,"featured_media":0,"comment_status":"closed","ping_status":"closed","sticky":false,"template":"","format":"standard","meta":{"footnotes":""},"categories":[1,52],"tags":[],"class_list":["post-7394","post","type-post","status-publish","format-standard","hentry","category-startseite","category-umwelt"],"_links":{"self":[{"href":"https:\/\/www.fuldaernachrichten.de\/index.php?rest_route=\/wp\/v2\/posts\/7394","targetHints":{"allow":["GET"]}}],"collection":[{"href":"https:\/\/www.fuldaernachrichten.de\/index.php?rest_route=\/wp\/v2\/posts"}],"about":[{"href":"https:\/\/www.fuldaernachrichten.de\/index.php?rest_route=\/wp\/v2\/types\/post"}],"author":[{"embeddable":true,"href":"https:\/\/www.fuldaernachrichten.de\/index.php?rest_route=\/wp\/v2\/users\/1"}],"replies":[{"embeddable":true,"href":"https:\/\/www.fuldaernachrichten.de\/index.php?rest_route=%2Fwp%2Fv2%2Fcomments&post=7394"}],"version-history":[{"count":0,"href":"https:\/\/www.fuldaernachrichten.de\/index.php?rest_route=\/wp\/v2\/posts\/7394\/revisions"}],"wp:attachment":[{"href":"https:\/\/www.fuldaernachrichten.de\/index.php?rest_route=%2Fwp%2Fv2%2Fmedia&parent=7394"}],"wp:term":[{"taxonomy":"category","embeddable":true,"href":"https:\/\/www.fuldaernachrichten.de\/index.php?rest_route=%2Fwp%2Fv2%2Fcategories&post=7394"},{"taxonomy":"post_tag","embeddable":true,"href":"https:\/\/www.fuldaernachrichten.de\/index.php?rest_route=%2Fwp%2Fv2%2Ftags&post=7394"}],"curies":[{"name":"wp","href":"https:\/\/api.w.org\/{rel}","templated":true}]}}