{"id":7357,"date":"2008-01-12T00:19:09","date_gmt":"2008-01-11T23:19:09","guid":{"rendered":"http:\/\/www.schoene-nachrichten.de\/?p=7357"},"modified":"2008-01-11T23:25:50","modified_gmt":"2008-01-11T22:25:50","slug":"abwassergruppe-wissels-an-die-klaeranlage-marbach-angeschlossen","status":"publish","type":"post","link":"https:\/\/www.fuldaernachrichten.de\/?p=7357","title":{"rendered":"Abwassergruppe Wissels an die Kl\u00e4ranlage Marbach angeschlossen"},"content":{"rendered":"<p><strong>Fulda.<\/strong> \u201eDurch den Anschluss der Kl\u00e4ranlage Wissels an die neu ausgebaute Kl\u00e4ranlage Marbach ist ein weiterer wichtiger Schritt zur Verbesserung und Optimierung der Abwasserentsorgung im Einzugsgebiet der Haune\u00c2\u00a0vollzogen worden,\u201c berichtet die Verbandsvorsitzende des Abwasserverbandes Fulda, Stadtbaur\u00e4tin Cornelia Zuschke.<!--more--><\/p>\n<p>Mit den zum Ende des Jahres bis auf Restarbeiten fertiggestellten Bauma\u00dfnahmen werden\u00c2\u00a0 die Abw\u00e4sser der K\u00fcnzeller Ortsteile Dirlos, Keulos und Wissels, die zuvor in der Kl\u00e4ranlage Wissels behandelt wurden, nun in der erweiterten Kl\u00e4ranlage Marbach gereinigt. Durch diesem Umschluss entfallen f\u00fcr den Abwasserverband Fulda die ansonsten erforderlichen Sanierungs- und Ausbaukosten an der Kl\u00e4ranlage Wissels.<\/p>\n<p>Diese Anlage entsprach nicht mehr den gesetzlichen Anforderungen. Die Mitbehandlung der Abw\u00e4sser in der ausgebaute Kl\u00e4ranlage Marbach hatte sich\u00c2\u00a0 auf der Grundlage einer umfangreichen technisch\/wirtschaftlichen Untersuchung als beste L\u00f6sung erwiesen.<\/p>\n","protected":false},"excerpt":{"rendered":"<div class=\"tmnf_excerpt\"><p>Fulda. \u201eDurch den Anschluss der Kl\u00e4ranlage Wissels an die neu ausgebaute Kl\u00e4ranlage Marbach ist ein weiterer wichtiger Schritt zur Verbesserung und Optimierung der Abwasserentsorgung im Einzugsgebiet der Haune\u00c2\u00a0vollzogen worden,\u201c berichtet die Verbandsvorsitzende des Abwasserverbandes Fulda, Stadtbaur\u00e4tin Cornelia Zuschke.<\/p>\n<\/div>","protected":false},"author":1,"featured_media":0,"comment_status":"closed","ping_status":"closed","sticky":false,"template":"","format":"standard","meta":{"footnotes":""},"categories":[1,52],"tags":[],"class_list":["post-7357","post","type-post","status-publish","format-standard","hentry","category-startseite","category-umwelt"],"_links":{"self":[{"href":"https:\/\/www.fuldaernachrichten.de\/index.php?rest_route=\/wp\/v2\/posts\/7357","targetHints":{"allow":["GET"]}}],"collection":[{"href":"https:\/\/www.fuldaernachrichten.de\/index.php?rest_route=\/wp\/v2\/posts"}],"about":[{"href":"https:\/\/www.fuldaernachrichten.de\/index.php?rest_route=\/wp\/v2\/types\/post"}],"author":[{"embeddable":true,"href":"https:\/\/www.fuldaernachrichten.de\/index.php?rest_route=\/wp\/v2\/users\/1"}],"replies":[{"embeddable":true,"href":"https:\/\/www.fuldaernachrichten.de\/index.php?rest_route=%2Fwp%2Fv2%2Fcomments&post=7357"}],"version-history":[{"count":0,"href":"https:\/\/www.fuldaernachrichten.de\/index.php?rest_route=\/wp\/v2\/posts\/7357\/revisions"}],"wp:attachment":[{"href":"https:\/\/www.fuldaernachrichten.de\/index.php?rest_route=%2Fwp%2Fv2%2Fmedia&parent=7357"}],"wp:term":[{"taxonomy":"category","embeddable":true,"href":"https:\/\/www.fuldaernachrichten.de\/index.php?rest_route=%2Fwp%2Fv2%2Fcategories&post=7357"},{"taxonomy":"post_tag","embeddable":true,"href":"https:\/\/www.fuldaernachrichten.de\/index.php?rest_route=%2Fwp%2Fv2%2Ftags&post=7357"}],"curies":[{"name":"wp","href":"https:\/\/api.w.org\/{rel}","templated":true}]}}