{"id":73484,"date":"2010-10-20T00:04:34","date_gmt":"2010-10-19T22:04:34","guid":{"rendered":"http:\/\/www.fuldaer-nachrichten.de\/?p=73484"},"modified":"2010-10-20T09:05:25","modified_gmt":"2010-10-20T07:05:25","slug":"fahrt-der-jugendfeuerwehr-burghaun-nach-mertzwiller-hat-sich-wieder-gelohnt","status":"publish","type":"post","link":"https:\/\/www.fuldaernachrichten.de\/?p=73484","title":{"rendered":"Fahrt der Jugendfeuerwehr Burghaun nach Mertzwiller hat sich wieder gelohnt"},"content":{"rendered":"<p><strong>Burghaun. <\/strong>Die Jugendfeuerwehr Burghaun fuhr vom 15. bis 17. Oktober 2010 zu einem Besuch zur Partnerjugendfeuerwehr nach Mertzwiller \/ Frankreich. Hier wurden die Jugendlichen wieder herzlich empfangen und erlebten ein unvergessliches Programm.<\/p>\n<p><a href=\"..\/wp-content\/uploads\/2010\/10\/101019_burghaun_ff2.jpg\"><img fetchpriority=\"high\" decoding=\"async\" src=\"..\/wp-content\/uploads\/2010\/10\/101019_burghaun_ff2-265x198.jpg\" alt=\"\" width=\"265\" height=\"198\" \/> <\/a><a href=\"..\/wp-content\/uploads\/2010\/10\/101019_burghaun_ff7.jpg\"><img decoding=\"async\" src=\"..\/wp-content\/uploads\/2010\/10\/101019_burghaun_ff7-265x198.jpg\" alt=\"\" width=\"265\" height=\"198\" \/><\/a><\/p>\n<p><a href=\"http:\/\/www.fuldaer-nachrichten.de\/wp-content\/uploads\/2010\/10\/101019_burghaun_ff3.jpg\"><img decoding=\"async\" class=\"alignnone size-medium wp-image-73489\" src=\"http:\/\/www.fuldaer-nachrichten.de\/wp-content\/uploads\/2010\/10\/101019_burghaun_ff3-265x198.jpg\" alt=\"\" width=\"265\" height=\"198\" srcset=\"https:\/\/www.fuldaernachrichten.de\/wp-content\/uploads\/2010\/10\/101019_burghaun_ff3-265x198.jpg 265w, https:\/\/www.fuldaernachrichten.de\/wp-content\/uploads\/2010\/10\/101019_burghaun_ff3.jpg 592w\" sizes=\"(max-width: 265px) 100vw, 265px\" \/><\/a> <a href=\"http:\/\/www.fuldaer-nachrichten.de\/wp-content\/uploads\/2010\/10\/101019_burghaun_ff4.jpg\"><img loading=\"lazy\" decoding=\"async\" class=\"alignnone size-medium wp-image-73490\" src=\"http:\/\/www.fuldaer-nachrichten.de\/wp-content\/uploads\/2010\/10\/101019_burghaun_ff4-265x198.jpg\" alt=\"\" width=\"265\" height=\"198\" srcset=\"https:\/\/www.fuldaernachrichten.de\/wp-content\/uploads\/2010\/10\/101019_burghaun_ff4-265x198.jpg 265w, https:\/\/www.fuldaernachrichten.de\/wp-content\/uploads\/2010\/10\/101019_burghaun_ff4.jpg 592w\" sizes=\"(max-width: 265px) 100vw, 265px\" \/><\/a><!--more-->Nach der Ankunft und der Begr\u00fc\u00dfung am Freitagabend stand das Abendessen mit dem originalen Els\u00e4sser Flammkuchen an. Es folgten einige Stunden der Bekanntschaft und des Kennenlernens. Am Samstagmorgen fuhr man zum Feuerwehrst\u00fctzpunkt des Departement La Walk und besichtigte moderne Feuerwehrausr\u00fcstung f\u00fcr die Waldbrandbek\u00e4mpfung, technische Hilfeleistung und den Krankentransport. Am Nachmittag ging es nach Stra\u00dfburg in einen Hochseilgarten. Trotz des Regenwetters hatten die Jugendlichen beider Jugendfeuerwehren eine Menge Spa\u00df bei dem Klettern durch die Baumkronen. Der Abend stand wieder ganz im Sinne der Partnerschaft und man erz\u00e4hlte sich von Kulturen und Sitten aus der Heimat. Hierf\u00fcr hatte der Feuerwehrverein mit Vorsitzenden Guy Bow leckeres Essen zubereitet.<\/p>\n<p><a href=\"http:\/\/www.fuldaer-nachrichten.de\/wp-content\/uploads\/2010\/10\/101019_burghaun_ff5.jpg\"><img loading=\"lazy\" decoding=\"async\" class=\"alignnone size-medium wp-image-73491\" src=\"http:\/\/www.fuldaer-nachrichten.de\/wp-content\/uploads\/2010\/10\/101019_burghaun_ff5-265x198.jpg\" alt=\"\" width=\"265\" height=\"198\" srcset=\"https:\/\/www.fuldaernachrichten.de\/wp-content\/uploads\/2010\/10\/101019_burghaun_ff5-265x198.jpg 265w, https:\/\/www.fuldaernachrichten.de\/wp-content\/uploads\/2010\/10\/101019_burghaun_ff5.jpg 592w\" sizes=\"(max-width: 265px) 100vw, 265px\" \/><\/a> <a href=\"http:\/\/www.fuldaer-nachrichten.de\/wp-content\/uploads\/2010\/10\/101019_burghaun_ff6.jpg\"><img loading=\"lazy\" decoding=\"async\" class=\"alignnone size-medium wp-image-73492\" src=\"http:\/\/www.fuldaer-nachrichten.de\/wp-content\/uploads\/2010\/10\/101019_burghaun_ff6-265x198.jpg\" alt=\"\" width=\"265\" height=\"198\" srcset=\"https:\/\/www.fuldaernachrichten.de\/wp-content\/uploads\/2010\/10\/101019_burghaun_ff6-265x198.jpg 265w, https:\/\/www.fuldaernachrichten.de\/wp-content\/uploads\/2010\/10\/101019_burghaun_ff6.jpg 592w\" sizes=\"(max-width: 265px) 100vw, 265px\" \/><\/a><\/p>\n<p>Am n\u00e4chsten Morgen lernte man den Ort Mertzwiller mit seinen Besonderheiten kennen. Dabei durfte das im Neubaubefindliche Feuerwehrhaus nicht fehlen. Mit viel Stolz f\u00fchrte der Feuerwehrchef Tarcisse Klieber die 3 Fahrzeugstellpl\u00e4tze und den gro\u00dfen Vereinsraum vor. Weiterhin folgte ein Empfang im Rathaus durch B\u00fcrgermeister Roger Letzelter. Anschlie\u00dfend wurde die Abordnung aus Burghaun unter der F\u00fchrung von B\u00fcrgermeister Alexander Hohmann, Mitgliedern des Partnerschaftsvereins und der Feuerwehr begr\u00fc\u00dft.<\/p>\n<p>Anlass hierf\u00fcr was das sogenannte \u201eMestifest\u201c, einem Kirmes\u00e4hnlichen Fest mit Festumzug und Rummelplatz. Der gro\u00dfe Festumzug durch Mertzwiller, bei dem die Vereine Motivwagen und Fu\u00dfgruppen bilden und zu aktuellen Anl\u00e4ssen in der Welt ihre Wagen schm\u00fccken und sich verkleiden, bildete der H\u00f6hepunkt des Sonntagnachmittags. F\u00fcr die Burghauner Brandsch\u00fctzer war es eine Selbstverst\u00e4ndlichkeit ihre Freundschaft und Partnerschaft mit der Jugendfeuerwehr von Mertzwiller hierbei besonders zum Ausdruck zu bringen. Abends musste man sich wieder verabschieden und man ist sicher, dass das n\u00e4chste Treffen im Kreisjugendfeuerwehrzeltlager 2011 in Burghaun sein wird.<\/p>\n","protected":false},"excerpt":{"rendered":"<div class=\"tmnf_excerpt\"><p>Burghaun. Die Jugendfeuerwehr Burghaun fuhr vom 15. bis 17. Oktober 2010 zu einem Besuch zur Partnerjugendfeuerwehr nach Mertzwiller \/ Frankreich. Hier wurden die Jugendlichen wieder herzlich empfangen und erlebten ein unvergessliches Programm.<\/p>\n<\/div>","protected":false},"author":1,"featured_media":0,"comment_status":"closed","ping_status":"closed","sticky":false,"template":"","format":"standard","meta":{"footnotes":""},"categories":[1,71],"tags":[],"class_list":["post-73484","post","type-post","status-publish","format-standard","hentry","category-startseite","category-feuerwehr"],"_links":{"self":[{"href":"https:\/\/www.fuldaernachrichten.de\/index.php?rest_route=\/wp\/v2\/posts\/73484","targetHints":{"allow":["GET"]}}],"collection":[{"href":"https:\/\/www.fuldaernachrichten.de\/index.php?rest_route=\/wp\/v2\/posts"}],"about":[{"href":"https:\/\/www.fuldaernachrichten.de\/index.php?rest_route=\/wp\/v2\/types\/post"}],"author":[{"embeddable":true,"href":"https:\/\/www.fuldaernachrichten.de\/index.php?rest_route=\/wp\/v2\/users\/1"}],"replies":[{"embeddable":true,"href":"https:\/\/www.fuldaernachrichten.de\/index.php?rest_route=%2Fwp%2Fv2%2Fcomments&post=73484"}],"version-history":[{"count":4,"href":"https:\/\/www.fuldaernachrichten.de\/index.php?rest_route=\/wp\/v2\/posts\/73484\/revisions"}],"predecessor-version":[{"id":73574,"href":"https:\/\/www.fuldaernachrichten.de\/index.php?rest_route=\/wp\/v2\/posts\/73484\/revisions\/73574"}],"wp:attachment":[{"href":"https:\/\/www.fuldaernachrichten.de\/index.php?rest_route=%2Fwp%2Fv2%2Fmedia&parent=73484"}],"wp:term":[{"taxonomy":"category","embeddable":true,"href":"https:\/\/www.fuldaernachrichten.de\/index.php?rest_route=%2Fwp%2Fv2%2Fcategories&post=73484"},{"taxonomy":"post_tag","embeddable":true,"href":"https:\/\/www.fuldaernachrichten.de\/index.php?rest_route=%2Fwp%2Fv2%2Ftags&post=73484"}],"curies":[{"name":"wp","href":"https:\/\/api.w.org\/{rel}","templated":true}]}}