{"id":7306,"date":"2008-01-08T00:13:56","date_gmt":"2008-01-07T23:13:56","guid":{"rendered":"http:\/\/www.schoene-nachrichten.de\/?p=7306"},"modified":"2008-01-07T23:48:37","modified_gmt":"2008-01-07T22:48:37","slug":"petersberger-sternsaenger-ueberbringen-ministerpraesident-koch-segen-fuer-das-neue-jahr","status":"publish","type":"post","link":"https:\/\/www.fuldaernachrichten.de\/?p=7306","title":{"rendered":"Petersberger Sterns\u00e4nger \u00fcberbringen Ministerpr\u00e4sident Koch Segen f\u00fcr das neue Jahr"},"content":{"rendered":"<p><strong><a rel=\"lightbox[roadtrip]\" target=\"_blank\" href=\"http:\/\/www.schoene-nachrichten.de\/wp-content\/uploads\/2008\/01\/080107_sternsinger.jpg\" title=\"080107_sternsinger.jpg\"><img decoding=\"async\" align=\"left\" src=\"http:\/\/www.schoene-nachrichten.de\/wp-content\/uploads\/2008\/01\/080107_sternsinger.thumbnail.jpg\" hspace=\"5\" alt=\"080107_sternsinger.jpg\" \/><\/a>Wiesbaden.<\/strong> Den Segen f\u00fcr das neue Jahr 2008 \u00fcberbrachten am Montag Sternsinger aus der Pfarrgemeinden St. Peter in Petersberg und St. Paulus in Fulda dem Hessischen Ministerpr\u00e4sidenten Roland Koch. Bei einem Empfang in der Wiesbadener Staatskanzlei stellten die Sternsinger die Aktion Dreik\u00f6nigsingen vor, die in diesem Jahr zum 50. Mal von BDKJ (Bund der Deutschen Katholischen Jugend) und dem Kindermissionswerk durchgef\u00fchrt wird. Begleitet wurden die Sternsinger von BDKJ-Di\u00f6zesanvorsitzenden Steffen Flicker (re.) und von Kaplan Jens Clobes (2.v.re.).<\/p>\n<p><strong>Foto:<\/strong> Steffen Jahn<\/p>\n","protected":false},"excerpt":{"rendered":"<div class=\"tmnf_excerpt\"><p>Wiesbaden. Den Segen f\u00fcr das neue Jahr 2008 \u00fcberbrachten am Montag Sternsinger aus der Pfarrgemeinden St. Peter in Petersberg und St. Paulus in Fulda dem Hessischen Ministerpr\u00e4sidenten Roland Koch. Bei einem Empfang in der Wiesbadener Staatskanzlei stellten die Sternsinger die Aktion Dreik\u00f6nigsingen vor, die in diesem Jahr zum 50. Mal von BDKJ (Bund der Deutschen &hellip;<\/p>\n<\/div>","protected":false},"author":1,"featured_media":0,"comment_status":"closed","ping_status":"closed","sticky":false,"template":"","format":"standard","meta":{"footnotes":""},"categories":[1,72,50,29],"tags":[],"class_list":["post-7306","post","type-post","status-publish","format-standard","hentry","category-startseite","category-jugend","category-kirche","category-politik"],"_links":{"self":[{"href":"https:\/\/www.fuldaernachrichten.de\/index.php?rest_route=\/wp\/v2\/posts\/7306","targetHints":{"allow":["GET"]}}],"collection":[{"href":"https:\/\/www.fuldaernachrichten.de\/index.php?rest_route=\/wp\/v2\/posts"}],"about":[{"href":"https:\/\/www.fuldaernachrichten.de\/index.php?rest_route=\/wp\/v2\/types\/post"}],"author":[{"embeddable":true,"href":"https:\/\/www.fuldaernachrichten.de\/index.php?rest_route=\/wp\/v2\/users\/1"}],"replies":[{"embeddable":true,"href":"https:\/\/www.fuldaernachrichten.de\/index.php?rest_route=%2Fwp%2Fv2%2Fcomments&post=7306"}],"version-history":[{"count":0,"href":"https:\/\/www.fuldaernachrichten.de\/index.php?rest_route=\/wp\/v2\/posts\/7306\/revisions"}],"wp:attachment":[{"href":"https:\/\/www.fuldaernachrichten.de\/index.php?rest_route=%2Fwp%2Fv2%2Fmedia&parent=7306"}],"wp:term":[{"taxonomy":"category","embeddable":true,"href":"https:\/\/www.fuldaernachrichten.de\/index.php?rest_route=%2Fwp%2Fv2%2Fcategories&post=7306"},{"taxonomy":"post_tag","embeddable":true,"href":"https:\/\/www.fuldaernachrichten.de\/index.php?rest_route=%2Fwp%2Fv2%2Ftags&post=7306"}],"curies":[{"name":"wp","href":"https:\/\/api.w.org\/{rel}","templated":true}]}}