{"id":7287,"date":"2008-01-07T00:05:18","date_gmt":"2008-01-06T23:05:18","guid":{"rendered":"http:\/\/www.schoene-nachrichten.de\/?p=7287"},"modified":"2008-01-07T00:47:52","modified_gmt":"2008-01-06T23:47:52","slug":"come-to-the-kingdom-xxl-2008-spiritus","status":"publish","type":"post","link":"https:\/\/www.fuldaernachrichten.de\/?p=7287","title":{"rendered":"\u201eCome to the Kingdom XXL 2008 \u2013 SPIRITus\u201c"},"content":{"rendered":"<p><strong>Neuhof.<\/strong> Vom 02. bis 05. Januar fand der Glaubenskurs des Dekanats Neuhof-Gro\u00dfenl\u00fcder im Thomas-Morus Haus in Hilders statt, zu dem 20 Jugendliche kamen und\u00c2\u00a0vier geistreiche Tage erlebten.<\/p>\n<p><strong>Fotos (12) und Text:<\/strong> Matthias Flittner<\/p>\n<p><a rel=\"lightbox[roadtrip]\" target=\"_blank\" href=\"http:\/\/www.schoene-nachrichten.de\/wp-content\/uploads\/2008\/01\/080107_Spirit_02.jpg\" title=\"Foto: Matthias Flittner\"><img decoding=\"async\" width=\"128\" src=\"http:\/\/www.schoene-nachrichten.de\/wp-content\/uploads\/2008\/01\/080107_Spirit_02.thumbnail.jpg\" alt=\"080107_Spirit_02.jpg\" \/><\/a> <a rel=\"lightbox[roadtrip]\" target=\"_blank\" href=\"http:\/\/www.schoene-nachrichten.de\/wp-content\/uploads\/2008\/01\/080107_Spirit_03.jpg\" title=\"Foto: Matthias Flittner\"><img decoding=\"async\" width=\"128\" src=\"http:\/\/www.schoene-nachrichten.de\/wp-content\/uploads\/2008\/01\/080107_Spirit_03.thumbnail.jpg\" alt=\"080107_Spirit_03.jpg\" \/><\/a> <a rel=\"lightbox[roadtrip]\" target=\"_blank\" href=\"http:\/\/www.schoene-nachrichten.de\/wp-content\/uploads\/2008\/01\/080107_Spirit_06.jpg\" title=\"Foto: Matthias Flittner\"><img decoding=\"async\" width=\"128\" src=\"http:\/\/www.schoene-nachrichten.de\/wp-content\/uploads\/2008\/01\/080107_Spirit_06.thumbnail.jpg\" alt=\"080107_Spirit_06.jpg\" \/><\/a><\/p>\n<p><a rel=\"lightbox[roadtrip]\" target=\"_blank\" href=\"http:\/\/www.schoene-nachrichten.de\/wp-content\/uploads\/2008\/01\/080107_Spirit_05.jpg\" title=\"Foto: Matthias Flittner\"><img decoding=\"async\" width=\"128\" src=\"http:\/\/www.schoene-nachrichten.de\/wp-content\/uploads\/2008\/01\/080107_Spirit_05.thumbnail.jpg\" alt=\"080107_Spirit_05.jpg\" \/><\/a> <a rel=\"lightbox[roadtrip]\" target=\"_blank\" href=\"http:\/\/www.schoene-nachrichten.de\/wp-content\/uploads\/2008\/01\/080107_Spirit_11.jpg\" title=\"Foto: Matthias Flittner\"><img decoding=\"async\" width=\"128\" src=\"http:\/\/www.schoene-nachrichten.de\/wp-content\/uploads\/2008\/01\/080107_Spirit_11.thumbnail.jpg\" alt=\"080107_Spirit_11.jpg\" \/><\/a> <a rel=\"lightbox[roadtrip]\" target=\"_blank\" href=\"http:\/\/www.schoene-nachrichten.de\/wp-content\/uploads\/2008\/01\/080107_Spirit_12.jpg\" title=\"Foto: Matthias Flittner\"><img decoding=\"async\" width=\"128\" src=\"http:\/\/www.schoene-nachrichten.de\/wp-content\/uploads\/2008\/01\/080107_Spirit_12.thumbnail.jpg\" alt=\"080107_Spirit_12.jpg\" \/><\/a><\/p>\n<p><!--more-->Der erste Tag startete nach dem Abendessen mit einem \u201eOutdoor-Gebet\u201c:\u00c2\u00a0 Die Jugendlichen machten sich im Fackelschein auf den Weg zum Gipfelkreuz des Buchschirms. Auf dem Weg dorthin wurden ihnen die sieben Gaben des heiligen Geistes (Weisheit, Einsicht, Rat, St\u00e4rke, Erkenntnis, Fr\u00f6mmigkeit, Gottesfurcht) n\u00e4her gebracht.<\/p>\n<p>Mit einer Katechese von Thomas Bretz (Referent f\u00fcr Neuevangelisierung) zum Thema \u201eWer ist der heilige Geist, wie wirkt er?\u201c begann der zweite Tag. Nachmittags wanderten die jungen Menschen trotz des kalten Wetters zur Battensteinkapelle und feierten dort die heilige Messe. Abends gestalteten sich die jungen Christen einen bunten Abend mit unterhaltsamen Spielen, einer etwas anderen Modenschau und Showeinlagen, wie zum Beispiel Dinner for One.<\/p>\n<p><a rel=\"lightbox[roadtrip]\" target=\"_blank\" href=\"http:\/\/www.schoene-nachrichten.de\/wp-content\/uploads\/2008\/01\/080107_Spirit_07.jpg\" title=\"Foto: Matthias Flittner\"><img decoding=\"async\" width=\"128\" src=\"http:\/\/www.schoene-nachrichten.de\/wp-content\/uploads\/2008\/01\/080107_Spirit_07.thumbnail.jpg\" alt=\"080107_Spirit_07.jpg\" \/><\/a> <a rel=\"lightbox[roadtrip]\" target=\"_blank\" href=\"http:\/\/www.schoene-nachrichten.de\/wp-content\/uploads\/2008\/01\/080107_Spirit_08.jpg\" title=\"Foto: Matthias Flittner\"><img decoding=\"async\" width=\"128\" src=\"http:\/\/www.schoene-nachrichten.de\/wp-content\/uploads\/2008\/01\/080107_Spirit_08.thumbnail.jpg\" alt=\"080107_Spirit_08.jpg\" \/><\/a> <a rel=\"lightbox[roadtrip]\" target=\"_blank\" href=\"http:\/\/www.schoene-nachrichten.de\/wp-content\/uploads\/2008\/01\/080107_Spirit_09.jpg\" title=\"Foto: Matthias Flittner\"><img decoding=\"async\" width=\"128\" src=\"http:\/\/www.schoene-nachrichten.de\/wp-content\/uploads\/2008\/01\/080107_Spirit_09.thumbnail.jpg\" alt=\"080107_Spirit_09.jpg\" \/><\/a><\/p>\n<p><a rel=\"lightbox[roadtrip]\" target=\"_blank\" href=\"http:\/\/www.schoene-nachrichten.de\/wp-content\/uploads\/2008\/01\/080107_Spirit_10.jpg\" title=\"Foto: Matthias Flittner\"><img decoding=\"async\" width=\"128\" src=\"http:\/\/www.schoene-nachrichten.de\/wp-content\/uploads\/2008\/01\/080107_Spirit_10.thumbnail.jpg\" alt=\"080107_Spirit_10.jpg\" \/><\/a>\u00c2\u00a0<a rel=\"lightbox[roadtrip]\" target=\"_blank\" href=\"http:\/\/www.schoene-nachrichten.de\/wp-content\/uploads\/2008\/01\/080107_Spirit_01.jpg\" title=\"Foto: Matthias Flittner\"><img decoding=\"async\" width=\"128\" src=\"http:\/\/www.schoene-nachrichten.de\/wp-content\/uploads\/2008\/01\/080107_Spirit_01.thumbnail.jpg\" alt=\"080107_Spirit_01.jpg\" \/><\/a> <a rel=\"lightbox[roadtrip]\" target=\"_blank\" href=\"http:\/\/www.schoene-nachrichten.de\/wp-content\/uploads\/2008\/01\/080107_Spirit_04.jpg\" title=\"Foto: Matthias Flittner\"><img decoding=\"async\" width=\"128\" src=\"http:\/\/www.schoene-nachrichten.de\/wp-content\/uploads\/2008\/01\/080107_Spirit_04.thumbnail.jpg\" alt=\"080107_Spirit_04.jpg\" \/><\/a><\/p>\n<p>Zu Beginn des dritten Tages folgte eine praktische Vertiefung von Simone Twents (Bisch\u00f6fliches Jugendamt), die die Frage kl\u00e4rte wie man mit dem Heiligen Geist Kontakt aufnehmen kann. Nach dem Mittagessen wurde der Film \u201eIm Wendekreis des Kreuzes\u201c gezeigt, danach nutzen die Jugendlichen in einer offen Fragerunde die M\u00f6glichkeit Fragen \u00fcber ihren Glauben zu stellen und zu diskutieren. Der H\u00f6hepunkt dieses Glaubenskurses war der darauf folgende Segnungsabend mit Anbetung, Beichtgelegenheit, musikalischer Gestaltung und einer Katechese von Kaplan Dirk G\u00e4rtner.<\/p>\n<p>Am letzten Tag verabschiedete Kaplan Stefan Ott die Jugendlichen in einem feierlichen Aussendungsgottesdienst, in dem er ihnen ein Karabinerhacken \u00fcberreichte, der die Jugendlichen an ihre Verbundenheit mit Gott erinnern soll.<\/p>\n<p>Der Glaubenskurs des Dekanats war auch in diesem Jahr wieder ein voller Erfolg, dies l\u00e4sst sich insbesondere an der \u00fcber die Tage gebildeten einmalige Gemeinschaft zwischen den Jugendlichen ablesen. Diese jungen Christen sind der lebendige Beweis daf\u00fcr, dass Glaube nichts Langweiliges ist und auch in der heutigen Zeit f\u00fcr junge Menschen eine enorme Bedeutung hat.<\/p>\n","protected":false},"excerpt":{"rendered":"<div class=\"tmnf_excerpt\"><p>Neuhof. Vom 02. bis 05. Januar fand der Glaubenskurs des Dekanats Neuhof-Gro\u00dfenl\u00fcder im Thomas-Morus Haus in Hilders statt, zu dem 20 Jugendliche kamen und\u00c2\u00a0vier geistreiche Tage erlebten. Fotos (12) und Text: Matthias Flittner<\/p>\n<\/div>","protected":false},"author":1,"featured_media":0,"comment_status":"closed","ping_status":"closed","sticky":false,"template":"","format":"standard","meta":{"footnotes":""},"categories":[1,72,50],"tags":[],"class_list":["post-7287","post","type-post","status-publish","format-standard","hentry","category-startseite","category-jugend","category-kirche"],"_links":{"self":[{"href":"https:\/\/www.fuldaernachrichten.de\/index.php?rest_route=\/wp\/v2\/posts\/7287","targetHints":{"allow":["GET"]}}],"collection":[{"href":"https:\/\/www.fuldaernachrichten.de\/index.php?rest_route=\/wp\/v2\/posts"}],"about":[{"href":"https:\/\/www.fuldaernachrichten.de\/index.php?rest_route=\/wp\/v2\/types\/post"}],"author":[{"embeddable":true,"href":"https:\/\/www.fuldaernachrichten.de\/index.php?rest_route=\/wp\/v2\/users\/1"}],"replies":[{"embeddable":true,"href":"https:\/\/www.fuldaernachrichten.de\/index.php?rest_route=%2Fwp%2Fv2%2Fcomments&post=7287"}],"version-history":[{"count":0,"href":"https:\/\/www.fuldaernachrichten.de\/index.php?rest_route=\/wp\/v2\/posts\/7287\/revisions"}],"wp:attachment":[{"href":"https:\/\/www.fuldaernachrichten.de\/index.php?rest_route=%2Fwp%2Fv2%2Fmedia&parent=7287"}],"wp:term":[{"taxonomy":"category","embeddable":true,"href":"https:\/\/www.fuldaernachrichten.de\/index.php?rest_route=%2Fwp%2Fv2%2Fcategories&post=7287"},{"taxonomy":"post_tag","embeddable":true,"href":"https:\/\/www.fuldaernachrichten.de\/index.php?rest_route=%2Fwp%2Fv2%2Ftags&post=7287"}],"curies":[{"name":"wp","href":"https:\/\/api.w.org\/{rel}","templated":true}]}}