{"id":72582,"date":"2011-01-18T01:50:14","date_gmt":"2011-01-18T01:50:14","guid":{"rendered":"http:\/\/www.fuldaer-nachrichten.de\/?p=72582"},"modified":"2011-01-18T07:50:26","modified_gmt":"2011-01-18T07:50:26","slug":"neu-im-kino-black-swan-kinostart-am-20-01-2011","status":"publish","type":"post","link":"https:\/\/www.fuldaernachrichten.de\/?p=72582","title":{"rendered":"Neu im Kino: Black Swan &#8211; Kinostart am 20.01.2011"},"content":{"rendered":"<p><strong><a href=\"http:\/\/www.fuldaer-nachrichten.de\/wp-content\/uploads\/2010\/12\/101215_Swan.jpg\"><img fetchpriority=\"high\" decoding=\"async\" class=\"alignleft size-thumbnail wp-image-79092\" title=\"101215_Swan\" src=\"http:\/\/www.fuldaer-nachrichten.de\/wp-content\/uploads\/2010\/12\/101215_Swan-265x355.jpg\" alt=\"\" width=\"265\" height=\"355\" srcset=\"https:\/\/www.fuldaernachrichten.de\/wp-content\/uploads\/2010\/12\/101215_Swan-265x355.jpg 265w, https:\/\/www.fuldaernachrichten.de\/wp-content\/uploads\/2010\/12\/101215_Swan.jpg 399w\" sizes=\"(max-width: 265px) 100vw, 265px\" \/><\/a>Kino. <\/strong>Die Rivalit\u00e4t zwischen den Ballett-T\u00e4nzerinnen Nina und Lilly beim New  Yorker Ballett f\u00fchrt zu einigen Verwicklungen bei der Auff\u00fchrung von  &#8220;Schwanensee&#8221; nach Tschaikowski. Nina kannt die Rolle ergattern, aber  Lilly will sie ebenso. Trotz der Konkurrenz auf der B\u00fchne freunden sich  die beiden T\u00e4nzerinnen an und verstricken sich im normalen Leben mehr  und mehr in eine Aff\u00e4re, bei der ihre dunklen Seiten zum Vorschein  kommen.<\/p>\n<p><strong> Kinostart: 20.01.2011<\/strong><\/p>\n","protected":false},"excerpt":{"rendered":"<div class=\"tmnf_excerpt\"><p>Kino. Die Rivalit\u00e4t zwischen den Ballett-T\u00e4nzerinnen Nina und Lilly beim New Yorker Ballett f\u00fchrt zu einigen Verwicklungen bei der Auff\u00fchrung von &#8220;Schwanensee&#8221; nach Tschaikowski. Nina kannt die Rolle ergattern, aber Lilly will sie ebenso. Trotz der Konkurrenz auf der B\u00fchne freunden sich die beiden T\u00e4nzerinnen an und verstricken sich im normalen Leben mehr und mehr &hellip;<\/p>\n<\/div>","protected":false},"author":1,"featured_media":0,"comment_status":"closed","ping_status":"closed","sticky":false,"template":"","format":"standard","meta":{"footnotes":""},"categories":[1,79],"tags":[],"class_list":["post-72582","post","type-post","status-publish","format-standard","hentry","category-startseite","category-kino"],"_links":{"self":[{"href":"https:\/\/www.fuldaernachrichten.de\/index.php?rest_route=\/wp\/v2\/posts\/72582","targetHints":{"allow":["GET"]}}],"collection":[{"href":"https:\/\/www.fuldaernachrichten.de\/index.php?rest_route=\/wp\/v2\/posts"}],"about":[{"href":"https:\/\/www.fuldaernachrichten.de\/index.php?rest_route=\/wp\/v2\/types\/post"}],"author":[{"embeddable":true,"href":"https:\/\/www.fuldaernachrichten.de\/index.php?rest_route=\/wp\/v2\/users\/1"}],"replies":[{"embeddable":true,"href":"https:\/\/www.fuldaernachrichten.de\/index.php?rest_route=%2Fwp%2Fv2%2Fcomments&post=72582"}],"version-history":[{"count":6,"href":"https:\/\/www.fuldaernachrichten.de\/index.php?rest_route=\/wp\/v2\/posts\/72582\/revisions"}],"predecessor-version":[{"id":80970,"href":"https:\/\/www.fuldaernachrichten.de\/index.php?rest_route=\/wp\/v2\/posts\/72582\/revisions\/80970"}],"wp:attachment":[{"href":"https:\/\/www.fuldaernachrichten.de\/index.php?rest_route=%2Fwp%2Fv2%2Fmedia&parent=72582"}],"wp:term":[{"taxonomy":"category","embeddable":true,"href":"https:\/\/www.fuldaernachrichten.de\/index.php?rest_route=%2Fwp%2Fv2%2Fcategories&post=72582"},{"taxonomy":"post_tag","embeddable":true,"href":"https:\/\/www.fuldaernachrichten.de\/index.php?rest_route=%2Fwp%2Fv2%2Ftags&post=72582"}],"curies":[{"name":"wp","href":"https:\/\/api.w.org\/{rel}","templated":true}]}}