{"id":72557,"date":"2010-10-11T02:24:03","date_gmt":"2010-10-11T00:24:03","guid":{"rendered":"http:\/\/www.fuldaer-nachrichten.de\/?p=72557"},"modified":"2010-10-11T09:24:29","modified_gmt":"2010-10-11T07:24:29","slug":"neu-im-kino-wie-durch-ein-wunder-charlie-st-cloud-kinostart-am-07-10-2010","status":"publish","type":"post","link":"https:\/\/www.fuldaernachrichten.de\/?p=72557","title":{"rendered":"Neu im Kino: Wie durch ein Wunder \/ Charlie St. Cloud &#8211; Kinostart am 07.10.2010"},"content":{"rendered":"<p><strong><a href=\"http:\/\/www.fuldaer-nachrichten.de\/wp-content\/uploads\/2010\/10\/101007_Living.jpg\"><img fetchpriority=\"high\" decoding=\"async\" class=\"alignleft size-thumbnail wp-image-72558\" title=\"101007_Living\" src=\"http:\/\/www.fuldaer-nachrichten.de\/wp-content\/uploads\/2010\/10\/101007_Living-265x378.jpg\" alt=\"\" width=\"265\" height=\"378\" srcset=\"https:\/\/www.fuldaernachrichten.de\/wp-content\/uploads\/2010\/10\/101007_Living-265x378.jpg 265w, https:\/\/www.fuldaernachrichten.de\/wp-content\/uploads\/2010\/10\/101007_Living.jpg 399w\" sizes=\"(max-width: 265px) 100vw, 265px\" \/><\/a>Kino. <\/strong>Durch einen tragischen Autounfall in der N\u00e4he eines Friedhofs kommen der  15-j\u00e4hrige Charlie (Zac Efron) und sein kleiner Bruder Sam (Charlie  Tahan) ums Leben und schw\u00f6ren sich in den Momenten \u201edanach&#8221;, auf immer  zusammenzubleiben. Die Wiederbelebungsma\u00dfnahmen eines Notarztes holen  allerdings Charlie wieder zur\u00fcck und auch 13 Jahre sp\u00e4ter hat er die  Vergangenheit nicht hinter sich lassen k\u00f6nnen. Er arbeitet auf dem  Friedhof und h\u00e4lt sich tats\u00e4chlich an sein Versprechen, Sam niemals  alleine zu lassen. Dank seiner Gabe, Geister sehen und mit ihnen  sprechen zu k\u00f6nnen, \u201ebesucht&#8221; er seinen Bruder fast jeden Abend und  spielt mit ihm. Doch dann begegnet er der abenteuerlustigen Tess (Amanda  Crew) und das erste Mal seit dem Unfall scheint Charlie aus seinem  zur\u00fcckgezogenen Alltag zu erwachen. Als die mutige Seglerin nach einer  Ausfahrt in einem Sturm vermisst wird, triff t er sie erneut auf  ungew\u00f6hnliche Weise und damit beginnt ein dramatischer Wettlauf gegen  die Zeit. Charlie muss sich entscheiden, ob er bereit ist, Frieden mit  der Vergangenheit zu schlie\u00dfen und an eine Zukunft zu glauben.<\/p>\n<p><strong>Kinostart: 07.10.2010<\/strong><\/p>\n","protected":false},"excerpt":{"rendered":"<div class=\"tmnf_excerpt\"><p>Kino. Durch einen tragischen Autounfall in der N\u00e4he eines Friedhofs kommen der 15-j\u00e4hrige Charlie (Zac Efron) und sein kleiner Bruder Sam (Charlie Tahan) ums Leben und schw\u00f6ren sich in den Momenten \u201edanach&#8221;, auf immer zusammenzubleiben. Die Wiederbelebungsma\u00dfnahmen eines Notarztes holen allerdings Charlie wieder zur\u00fcck und auch 13 Jahre sp\u00e4ter hat er die Vergangenheit nicht hinter &hellip;<\/p>\n<\/div>","protected":false},"author":1,"featured_media":0,"comment_status":"closed","ping_status":"closed","sticky":false,"template":"","format":"standard","meta":{"footnotes":""},"categories":[1,79],"tags":[],"class_list":["post-72557","post","type-post","status-publish","format-standard","hentry","category-startseite","category-kino"],"_links":{"self":[{"href":"https:\/\/www.fuldaernachrichten.de\/index.php?rest_route=\/wp\/v2\/posts\/72557","targetHints":{"allow":["GET"]}}],"collection":[{"href":"https:\/\/www.fuldaernachrichten.de\/index.php?rest_route=\/wp\/v2\/posts"}],"about":[{"href":"https:\/\/www.fuldaernachrichten.de\/index.php?rest_route=\/wp\/v2\/types\/post"}],"author":[{"embeddable":true,"href":"https:\/\/www.fuldaernachrichten.de\/index.php?rest_route=\/wp\/v2\/users\/1"}],"replies":[{"embeddable":true,"href":"https:\/\/www.fuldaernachrichten.de\/index.php?rest_route=%2Fwp%2Fv2%2Fcomments&post=72557"}],"version-history":[{"count":6,"href":"https:\/\/www.fuldaernachrichten.de\/index.php?rest_route=\/wp\/v2\/posts\/72557\/revisions"}],"predecessor-version":[{"id":72773,"href":"https:\/\/www.fuldaernachrichten.de\/index.php?rest_route=\/wp\/v2\/posts\/72557\/revisions\/72773"}],"wp:attachment":[{"href":"https:\/\/www.fuldaernachrichten.de\/index.php?rest_route=%2Fwp%2Fv2%2Fmedia&parent=72557"}],"wp:term":[{"taxonomy":"category","embeddable":true,"href":"https:\/\/www.fuldaernachrichten.de\/index.php?rest_route=%2Fwp%2Fv2%2Fcategories&post=72557"},{"taxonomy":"post_tag","embeddable":true,"href":"https:\/\/www.fuldaernachrichten.de\/index.php?rest_route=%2Fwp%2Fv2%2Ftags&post=72557"}],"curies":[{"name":"wp","href":"https:\/\/api.w.org\/{rel}","templated":true}]}}