{"id":72551,"date":"2010-11-03T02:44:24","date_gmt":"2010-11-03T01:44:24","guid":{"rendered":"http:\/\/www.fuldaer-nachrichten.de\/?p=72551"},"modified":"2010-11-03T18:44:39","modified_gmt":"2010-11-03T17:44:39","slug":"neu-im-kino-die-kommenden-tage-kinostart-am-04-11-2010","status":"publish","type":"post","link":"https:\/\/www.fuldaernachrichten.de\/?p=72551","title":{"rendered":"Neu im Kino: Die kommenden Tage &#8211; Kinostart am 04.11.2010"},"content":{"rendered":"<p><strong><a href=\"http:\/\/www.fuldaer-nachrichten.de\/wp-content\/uploads\/2010\/10\/101007_DieTage.jpg\"><img fetchpriority=\"high\" decoding=\"async\" class=\"alignleft size-thumbnail wp-image-72552\" title=\"101007_DieTage\" src=\"http:\/\/www.fuldaer-nachrichten.de\/wp-content\/uploads\/2010\/10\/101007_DieTage-265x374.jpg\" alt=\"\" width=\"265\" height=\"374\" srcset=\"https:\/\/www.fuldaernachrichten.de\/wp-content\/uploads\/2010\/10\/101007_DieTage-265x374.jpg 265w, https:\/\/www.fuldaernachrichten.de\/wp-content\/uploads\/2010\/10\/101007_DieTage.jpg 399w\" sizes=\"(max-width: 265px) 100vw, 265px\" \/><\/a>Kino. <\/strong>DIE KOMMENDEN TAGE erz\u00e4hlt die Lebenswege von zwei Schwestern aus der  Gegenwart in eine durchaus realistische, nahe Zukunft, in eine Zeit der  Unsicherheit und der gro\u00dfen Ver\u00e4nderungen. Laura Kuper (Bernadette  Heerwagen) muss sich am Ende ihres Studiums zwischen ihrem Wunsch nach  Kindern und Hans (Daniel Br\u00fchl), der gro\u00dfen Liebe ihres Lebens,  entscheiden. Ihre Schwester Cecilia (Johanna Wokalek) treibt die  unerf\u00fcllte Liebe zu Konstantin (August Diehl) in die Abgr\u00fcnde eines neu  aufkommenden Terrorismus. Mit \u00c4ngsten und Hoffnungen begegnen die zwei  Schwestern in einer destabilisierten Welt ihrer Zukunft.<\/p>\n<p><strong> Kinostart: 04.11.2010<\/strong><\/p>\n","protected":false},"excerpt":{"rendered":"<div class=\"tmnf_excerpt\"><p>Kino. DIE KOMMENDEN TAGE erz\u00e4hlt die Lebenswege von zwei Schwestern aus der Gegenwart in eine durchaus realistische, nahe Zukunft, in eine Zeit der Unsicherheit und der gro\u00dfen Ver\u00e4nderungen. Laura Kuper (Bernadette Heerwagen) muss sich am Ende ihres Studiums zwischen ihrem Wunsch nach Kindern und Hans (Daniel Br\u00fchl), der gro\u00dfen Liebe ihres Lebens, entscheiden. Ihre Schwester &hellip;<\/p>\n<\/div>","protected":false},"author":1,"featured_media":0,"comment_status":"closed","ping_status":"closed","sticky":false,"template":"","format":"standard","meta":{"footnotes":""},"categories":[1,79],"tags":[],"class_list":["post-72551","post","type-post","status-publish","format-standard","hentry","category-startseite","category-kino"],"_links":{"self":[{"href":"https:\/\/www.fuldaernachrichten.de\/index.php?rest_route=\/wp\/v2\/posts\/72551","targetHints":{"allow":["GET"]}}],"collection":[{"href":"https:\/\/www.fuldaernachrichten.de\/index.php?rest_route=\/wp\/v2\/posts"}],"about":[{"href":"https:\/\/www.fuldaernachrichten.de\/index.php?rest_route=\/wp\/v2\/types\/post"}],"author":[{"embeddable":true,"href":"https:\/\/www.fuldaernachrichten.de\/index.php?rest_route=\/wp\/v2\/users\/1"}],"replies":[{"embeddable":true,"href":"https:\/\/www.fuldaernachrichten.de\/index.php?rest_route=%2Fwp%2Fv2%2Fcomments&post=72551"}],"version-history":[{"count":3,"href":"https:\/\/www.fuldaernachrichten.de\/index.php?rest_route=\/wp\/v2\/posts\/72551\/revisions"}],"predecessor-version":[{"id":74809,"href":"https:\/\/www.fuldaernachrichten.de\/index.php?rest_route=\/wp\/v2\/posts\/72551\/revisions\/74809"}],"wp:attachment":[{"href":"https:\/\/www.fuldaernachrichten.de\/index.php?rest_route=%2Fwp%2Fv2%2Fmedia&parent=72551"}],"wp:term":[{"taxonomy":"category","embeddable":true,"href":"https:\/\/www.fuldaernachrichten.de\/index.php?rest_route=%2Fwp%2Fv2%2Fcategories&post=72551"},{"taxonomy":"post_tag","embeddable":true,"href":"https:\/\/www.fuldaernachrichten.de\/index.php?rest_route=%2Fwp%2Fv2%2Ftags&post=72551"}],"curies":[{"name":"wp","href":"https:\/\/api.w.org\/{rel}","templated":true}]}}