{"id":725,"date":"2007-01-12T01:03:34","date_gmt":"2007-01-12T00:03:34","guid":{"rendered":"http:\/\/www.schoene-nachrichten.de\/?p=725"},"modified":"2007-01-16T20:48:35","modified_gmt":"2007-01-16T19:48:35","slug":"%e2%80%9efitness-fur-geist-und-korper%e2%80%9c-seminar-im-bonifatiushaus","status":"publish","type":"post","link":"https:\/\/www.fuldaernachrichten.de\/?p=725","title":{"rendered":"Seminarangebot: \u201eFitness f\u00fcr Geist und K\u00f6rper\u201c"},"content":{"rendered":"<p><strong>Sch\u00f6nes aus Fulda.<\/strong> Vom 26. bis 28. Januar 2007 findet im Bonifatiushaus in Fulda das Seminar \u201eFitness f\u00fcr Geist und K\u00f6rper\u201c statt. Das Seminar beginnt am Freitag um 15.00 Uhr und endet am Sonntag um 12.30 Uhr mit dem Mittagessen. Nach Angaben des Veranstalters wird eine Kombination aus Ged\u00e4chtnistraining und Bewegung angeboten. Der Workshop kostet inkl. Geb\u00fchren, Unterkunft und Verpflegung 90,00 Euro, f\u00fcr Ehepaar 170,00 Euro. Anfragen und Anmeldungen unter Telefon: 06 61\/83 98-114 oder <a href=\"mailto:info@bonifatiushaus.de\">info@bonifatiushaus.de<\/a><\/p>\n<p>\u00c2\u00a0<\/p>\n<p>\u00c2\u00a0<\/p>\n","protected":false},"excerpt":{"rendered":"<div class=\"tmnf_excerpt\"><p>Sch\u00f6nes aus Fulda. Vom 26. bis 28. Januar 2007 findet im Bonifatiushaus in Fulda das Seminar \u201eFitness f\u00fcr Geist und K\u00f6rper\u201c statt. Das Seminar beginnt am Freitag um 15.00 Uhr und endet am Sonntag um 12.30 Uhr mit dem Mittagessen. Nach Angaben des Veranstalters wird eine Kombination aus Ged\u00e4chtnistraining und Bewegung angeboten. Der Workshop kostet &hellip;<\/p>\n<\/div>","protected":false},"author":1,"featured_media":0,"comment_status":"closed","ping_status":"closed","sticky":false,"template":"","format":"standard","meta":{"footnotes":""},"categories":[1],"tags":[],"class_list":["post-725","post","type-post","status-publish","format-standard","hentry","category-startseite"],"_links":{"self":[{"href":"https:\/\/www.fuldaernachrichten.de\/index.php?rest_route=\/wp\/v2\/posts\/725","targetHints":{"allow":["GET"]}}],"collection":[{"href":"https:\/\/www.fuldaernachrichten.de\/index.php?rest_route=\/wp\/v2\/posts"}],"about":[{"href":"https:\/\/www.fuldaernachrichten.de\/index.php?rest_route=\/wp\/v2\/types\/post"}],"author":[{"embeddable":true,"href":"https:\/\/www.fuldaernachrichten.de\/index.php?rest_route=\/wp\/v2\/users\/1"}],"replies":[{"embeddable":true,"href":"https:\/\/www.fuldaernachrichten.de\/index.php?rest_route=%2Fwp%2Fv2%2Fcomments&post=725"}],"version-history":[{"count":0,"href":"https:\/\/www.fuldaernachrichten.de\/index.php?rest_route=\/wp\/v2\/posts\/725\/revisions"}],"wp:attachment":[{"href":"https:\/\/www.fuldaernachrichten.de\/index.php?rest_route=%2Fwp%2Fv2%2Fmedia&parent=725"}],"wp:term":[{"taxonomy":"category","embeddable":true,"href":"https:\/\/www.fuldaernachrichten.de\/index.php?rest_route=%2Fwp%2Fv2%2Fcategories&post=725"},{"taxonomy":"post_tag","embeddable":true,"href":"https:\/\/www.fuldaernachrichten.de\/index.php?rest_route=%2Fwp%2Fv2%2Ftags&post=725"}],"curies":[{"name":"wp","href":"https:\/\/api.w.org\/{rel}","templated":true}]}}