{"id":723,"date":"2007-01-12T02:30:17","date_gmt":"2007-01-12T01:30:17","guid":{"rendered":"http:\/\/www.schoene-nachrichten.de\/?p=723"},"modified":"2007-01-12T02:30:17","modified_gmt":"2007-01-12T01:30:17","slug":"medizinische-expertise-und-menschliche-qualitaten-pd-dr-carolin-tonus-ausgezeichnet","status":"publish","type":"post","link":"https:\/\/www.fuldaernachrichten.de\/?p=723","title":{"rendered":"&#8220;Medizinische Expertise und menschliche Qualit\u00e4ten&#8221; &#8211; PD Dr. Carolin Tonus ausgezeichnet"},"content":{"rendered":"<p><strong>Sch\u00f6nes aus Fulda.<\/strong>\u00c2\u00a0Privatdozentin Dr. Carolin Tonus, Chef\u00e4rztin der Viszeralchirurgie im Herz-Jesu-Krankenhaus Fulda, ist gestern mit dem Willy Robert Pitzer Stiftungspreis in H\u00f6he von 25.000 Euro ausgezeichnet worden. Mit diesem Preis w\u00fcrdigt die Bad Nauheimer Stiftung das hohe Engagement und die wissenschaftlichen Arbeitsergebnisse der 41-j\u00e4hrigen Chirurgin.<\/p>\n<p>\u00c2\u00a0<\/p>\n<p>Fotos (9): Herz-Jesu-Krankenhaus<\/p>\n<p>\u00c2\u00a0<\/p>\n<p><a title=\"Fotos (9): Herz-Jesu-Krankenhaus\" href=\"http:\/\/www.schoene-nachrichten.de\/wp-content\/uploads\/2007\/01\/070112_hjk_04.jpg\" target=\"_blank\"><img decoding=\"async\" id=\"image729\" height=\"96\" alt=\"070112_hjk_04.jpg\" src=\"http:\/\/www.schoene-nachrichten.de\/wp-content\/uploads\/2007\/01\/070112_hjk_04.thumbnail.jpg\" \/><\/a>\u00c2\u00a0<a title=\"Fotos (9): Herz-Jesu-Krankenhaus\" href=\"http:\/\/www.schoene-nachrichten.de\/wp-content\/uploads\/2007\/01\/070112_hjk_08.jpg\" target=\"_blank\"><img decoding=\"async\" id=\"image733\" height=\"96\" alt=\"070112_hjk_08.jpg\" src=\"http:\/\/www.schoene-nachrichten.de\/wp-content\/uploads\/2007\/01\/070112_hjk_08.thumbnail.jpg\" \/><\/a>\u00c2\u00a0<a title=\"Fotos (9): Herz-Jesu-Krankenhaus\" href=\"http:\/\/www.schoene-nachrichten.de\/wp-content\/uploads\/2007\/01\/070112_hjk_06.jpg\" target=\"_blank\"><img decoding=\"async\" id=\"image731\" height=\"96\" alt=\"070112_hjk_06.jpg\" src=\"http:\/\/www.schoene-nachrichten.de\/wp-content\/uploads\/2007\/01\/070112_hjk_06.thumbnail.jpg\" \/><\/a><\/p>\n<p>\u00c2\u00a0<\/p>\n<p><!--more-->\u00c2\u00a0<\/p>\n<p>\u00dcberreicht wurde die Auszeichnung vom fr\u00fcheren hessischen Sozialminister Armin Clauss, dem Vorsitzenden der Stiftung. Von dem Geld soll ein spezielles\u00c2\u00a0Endoskop angeschafft werden, mit dem Polypen bzw. Tumore ohne &#8220;gro\u00dfen Bauchschnitt&#8221; schonend entfernt werden k\u00f6nnen.<\/p>\n<p>\u00c2\u00a0<\/p>\n<p>Dr. Tonus ver\u00f6ffentlichte in den letzten Jahren mehr als 170 wissenschaftliche Publikationen in Wort und Schrift und wurde mehrfach ausgezeichnet. Die Chirurgin ist \u00fcbrigens die erste Preistr\u00e4gerin, die bereits zum zweiten Mal von der Stiftung geehrt wurde. Die ganzheitliche Versorgung von Krebspatienten, insbesondere Darmkrebspatienten, steht im Vordergrund ihrer T\u00e4tigkeit. Tonus\u00e2\u20ac\u2122 Behandlungskonzept basiert auf der interdisziplin\u00e4ren Zusammenarbeit von speziell ausgebildeten Medizinern und Pflegekr\u00e4ften.\u00c2\u00a0<\/p>\n<p>\u00c2\u00a0<\/p>\n<p><a title=\"Fotos (9): Herz-Jesu-Krankenhaus\" href=\"http:\/\/www.schoene-nachrichten.de\/wp-content\/uploads\/2007\/01\/070112_hjk_05.jpg\" target=\"_blank\"><img decoding=\"async\" id=\"image730\" height=\"96\" alt=\"070112_hjk_05.jpg\" src=\"http:\/\/www.schoene-nachrichten.de\/wp-content\/uploads\/2007\/01\/070112_hjk_05.thumbnail.jpg\" \/><\/a>\u00c2\u00a0<a title=\"Fotos (9): Herz-Jesu-Krankenhaus\" href=\"http:\/\/www.schoene-nachrichten.de\/wp-content\/uploads\/2007\/01\/070112_hjk_07.jpg\" target=\"_blank\"><img decoding=\"async\" id=\"image732\" height=\"96\" alt=\"070112_hjk_07.jpg\" src=\"http:\/\/www.schoene-nachrichten.de\/wp-content\/uploads\/2007\/01\/070112_hjk_07.thumbnail.jpg\" \/><\/a>\u00c2\u00a0<a title=\"Fotos (9): Herz-Jesu-Krankenhaus\" href=\"http:\/\/www.schoene-nachrichten.de\/wp-content\/uploads\/2007\/01\/070112_hjk_02.jpg\" target=\"_blank\"><img decoding=\"async\" id=\"image727\" height=\"96\" alt=\"070112_hjk_02.jpg\" src=\"http:\/\/www.schoene-nachrichten.de\/wp-content\/uploads\/2007\/01\/070112_hjk_02.thumbnail.jpg\" \/><\/a><\/p>\n<p>\u00c2\u00a0<\/p>\n<p>Alexander Schmidtke, Gesch\u00e4ftsf\u00fchrer der Herz-Jesu-Krankenhaus Fulda gGmbH, freute sich \u00fcber die Auszeichnung der Chef\u00e4rztin, die seit M\u00e4rz 2006 im HJK arbeitet. Dr. Tonus habe ihre medizinischen Strukturen in k\u00fcrzester Zeit aufbauen und mit ihrer einf\u00fchlsamen Art Patienten und Mitarbeiter f\u00fcr sich gewinnen k\u00f6nnen. Die medizinische Expertise und menschlichen Qualit\u00e4ten der Preistr\u00e4gerin w\u00fcrdigte auch Prof. Dr. Hermann-Joachim Glaser, \u00c4rztlicher Direktor des Herz-Jesu-Krankenhauses, in seiner Laudatio. Gl\u00fcckw\u00fcnsche \u00fcberbrachte der erste Kreisbeigeordnete Dr. Heiko Wingenfeld.<\/p>\n<p>\u00c2\u00a0<\/p>\n<p><a title=\"Fotos (9): Herz-Jesu-Krankenhaus\" href=\"http:\/\/www.schoene-nachrichten.de\/wp-content\/uploads\/2007\/01\/070112_hjk_01.jpg\" target=\"_blank\"><img decoding=\"async\" id=\"image726\" height=\"96\" alt=\"070112_hjk_01.jpg\" src=\"http:\/\/www.schoene-nachrichten.de\/wp-content\/uploads\/2007\/01\/070112_hjk_01.thumbnail.jpg\" \/><\/a>\u00c2\u00a0<a title=\"Fotos (9): Herz-Jesu-Krankenhaus\" href=\"http:\/\/www.schoene-nachrichten.de\/wp-content\/uploads\/2007\/01\/070112_hjk_09.jpg\" target=\"_blank\"><img decoding=\"async\" id=\"image734\" height=\"96\" alt=\"070112_hjk_09.jpg\" src=\"http:\/\/www.schoene-nachrichten.de\/wp-content\/uploads\/2007\/01\/070112_hjk_09.thumbnail.jpg\" \/><\/a>\u00c2\u00a0<a title=\"Fotos (9): Herz-Jesu-Krankenhaus\" href=\"http:\/\/www.schoene-nachrichten.de\/wp-content\/uploads\/2007\/01\/070112_hjk_03.jpg\" target=\"_blank\"><img decoding=\"async\" id=\"image728\" height=\"96\" alt=\"070112_hjk_03.jpg\" src=\"http:\/\/www.schoene-nachrichten.de\/wp-content\/uploads\/2007\/01\/070112_hjk_03.thumbnail.jpg\" \/><\/a><br \/>\n\u00c2\u00a0<br \/>\nDie gemeinn\u00fctzige Stiftung wurde von dem Architekten Willy Robert Pitzer im Juli 2001 gegr\u00fcndet. Die Stiftung ist aktiv in der Jugend- und Altenhilfe, im \u00f6ffentlichen Gesundheitswesen, dem\u00c2\u00a0 Wohlfahrtswesen und dem Sport, in der F\u00f6rderung von Wissenschaft und Forschung sowie in der F\u00f6rderung von Ausbildung und Erziehung. Der Stifter ist im Mai 2003 im Alter von 80 Jahren verstorben.<\/p>\n","protected":false},"excerpt":{"rendered":"<div class=\"tmnf_excerpt\"><p>Sch\u00f6nes aus Fulda.\u00c2\u00a0Privatdozentin Dr. Carolin Tonus, Chef\u00e4rztin der Viszeralchirurgie im Herz-Jesu-Krankenhaus Fulda, ist gestern mit dem Willy Robert Pitzer Stiftungspreis in H\u00f6he von 25.000 Euro ausgezeichnet worden. Mit diesem Preis w\u00fcrdigt die Bad Nauheimer Stiftung das hohe Engagement und die wissenschaftlichen Arbeitsergebnisse der 41-j\u00e4hrigen Chirurgin. \u00c2\u00a0 Fotos (9): Herz-Jesu-Krankenhaus \u00c2\u00a0 \u00c2\u00a0\u00c2\u00a0 \u00c2\u00a0<\/p>\n<\/div>","protected":false},"author":1,"featured_media":0,"comment_status":"closed","ping_status":"closed","sticky":false,"template":"","format":"standard","meta":{"footnotes":""},"categories":[1,51,48],"tags":[],"class_list":["post-723","post","type-post","status-publish","format-standard","hentry","category-startseite","category-medizin","category-forschung"],"_links":{"self":[{"href":"https:\/\/www.fuldaernachrichten.de\/index.php?rest_route=\/wp\/v2\/posts\/723","targetHints":{"allow":["GET"]}}],"collection":[{"href":"https:\/\/www.fuldaernachrichten.de\/index.php?rest_route=\/wp\/v2\/posts"}],"about":[{"href":"https:\/\/www.fuldaernachrichten.de\/index.php?rest_route=\/wp\/v2\/types\/post"}],"author":[{"embeddable":true,"href":"https:\/\/www.fuldaernachrichten.de\/index.php?rest_route=\/wp\/v2\/users\/1"}],"replies":[{"embeddable":true,"href":"https:\/\/www.fuldaernachrichten.de\/index.php?rest_route=%2Fwp%2Fv2%2Fcomments&post=723"}],"version-history":[{"count":0,"href":"https:\/\/www.fuldaernachrichten.de\/index.php?rest_route=\/wp\/v2\/posts\/723\/revisions"}],"wp:attachment":[{"href":"https:\/\/www.fuldaernachrichten.de\/index.php?rest_route=%2Fwp%2Fv2%2Fmedia&parent=723"}],"wp:term":[{"taxonomy":"category","embeddable":true,"href":"https:\/\/www.fuldaernachrichten.de\/index.php?rest_route=%2Fwp%2Fv2%2Fcategories&post=723"},{"taxonomy":"post_tag","embeddable":true,"href":"https:\/\/www.fuldaernachrichten.de\/index.php?rest_route=%2Fwp%2Fv2%2Ftags&post=723"}],"curies":[{"name":"wp","href":"https:\/\/api.w.org\/{rel}","templated":true}]}}