{"id":7207,"date":"2007-12-29T00:27:38","date_gmt":"2007-12-28T23:27:38","guid":{"rendered":"http:\/\/www.schoene-nachrichten.de\/?p=7207"},"modified":"2007-12-28T23:49:36","modified_gmt":"2007-12-28T22:49:36","slug":"angebot-der-offenen-schuldnerberatung-wird-ausgeweitet","status":"publish","type":"post","link":"https:\/\/www.fuldaernachrichten.de\/?p=7207","title":{"rendered":"Angebot der offenen Schuldnerberatung wird ausgeweitet"},"content":{"rendered":"<p><strong>Fulda.<\/strong> Der Kreisverband der Arbeiterwohlfahrt Fulda e.V. sowie der Caritasverband f\u00fcr Stadt und Landkreis Fulda e.V. werden mit Beginn des neuen Jahres ihr Angebot der offenen Schuldnerberatung ausweiten. Um der vorhandenen Nachfrage gerecht zu werden und l\u00e4ngere Wartezeiten zu vermeiden, hat der Kreisausschuss beschlossen, zus\u00e4tzliche Mittel zur Verf\u00fcgung zu stellen.<\/p>\n<p><strong>Fotos (3):<\/strong> Landkreis Fulda<\/p>\n<p><a rel=\"lightbox[roadtrip]\" target=\"_blank\" href=\"http:\/\/www.schoene-nachrichten.de\/wp-content\/uploads\/2007\/12\/071228_schuldnerberatung_02.jpg\" title=\"071228_schuldnerberatung_02.jpg\"><img decoding=\"async\" src=\"http:\/\/www.schoene-nachrichten.de\/wp-content\/uploads\/2007\/12\/071228_schuldnerberatung_02.thumbnail.jpg\" alt=\"071228_schuldnerberatung_02.jpg\" \/><\/a>\u00c2\u00a0<a rel=\"lightbox[roadtrip]\" target=\"_blank\" href=\"http:\/\/www.schoene-nachrichten.de\/wp-content\/uploads\/2007\/12\/071228_schuldnerberatung_01.jpg\" title=\"071228_schuldnerberatung_01.jpg\"><img decoding=\"async\" src=\"http:\/\/www.schoene-nachrichten.de\/wp-content\/uploads\/2007\/12\/071228_schuldnerberatung_01.thumbnail.jpg\" alt=\"071228_schuldnerberatung_01.jpg\" \/><\/a>\u00c2\u00a0<a rel=\"lightbox[roadtrip]\" target=\"_blank\" href=\"http:\/\/www.schoene-nachrichten.de\/wp-content\/uploads\/2007\/12\/071228_schuldnerberatung_03.jpg\" title=\"071228_schuldnerberatung_03.jpg\"><img decoding=\"async\" src=\"http:\/\/www.schoene-nachrichten.de\/wp-content\/uploads\/2007\/12\/071228_schuldnerberatung_03.thumbnail.jpg\" alt=\"071228_schuldnerberatung_03.jpg\" \/><\/a><\/p>\n<p><!--more-->Entsprechende Zuwendungsvertr\u00e4ge wurden am Freitag von Landrat Bernd Woide sowie den Gesch\u00e4ftsf\u00fchrern von AWO und Caritasverband, Edith Becker und Winfried M\u00f6ller, in Anwesenheit von B\u00fcrgermeister Dr. Wolfgang Dippel unterzeichnet. Zudem hat der Landkreis Fulda seine Kooperation zur Betreuung von\u00c2\u00a0 ALG II-Empf\u00e4ngern mit beiden Einrichtungen bis zum 31. Dezember 2010 verl\u00e4ngert. K\u00fcnftig erhalten AWO und Caritasverband F\u00f6rdermittel von j\u00e4hrlich 124.000 Euro.<\/p>\n<p><strong>Beratungsbedarf gestiegen<\/strong><\/p>\n<p>\u201eEine Analyse der Bedarfssituation hat ergeben, dass zur Abdeckung der vorhandenen Nachfrage das Angebot der offenen Schuldnerberatung ausgeweitet werden muss\u201c, erkl\u00e4rte Landrat Bernd Woide. Insgesamt sei f\u00fcr die offene Sprechstunde k\u00fcnftig eine Vollzeitstelle notwendig. Laut Woide hatten im vergangenen Jahr allein 289 Menschen die kostenlose Schuldnerberatung der AWO in Anspruch genommen.<\/p>\n<p>Caritas-Gesch\u00e4ftsf\u00fchrerin M\u00f6ller best\u00e4tigte, dass der Beratungsbedarf enorm angestiegen sei. Auch AWO-Gesch\u00e4ftsf\u00fchrerin Becker zeigte sich im Interesse der Betroffenen dankbar f\u00fcr die M\u00f6glichkeit, das Beratungsangebot auszuweiten. \u201eDie Menschen stehen mit dem R\u00fccken zur Wand.\u201c Entscheidend sei, so ihre von M\u00f6ller best\u00e4tigte Einsch\u00e4tzung, dass man sich selbst aus der Schuldenspirale befreien wolle.<\/p>\n<p><strong>Wartezeiten vermeiden<\/strong><\/p>\n<p>AWO und Caritasverband beraten Menschen, die \u00fcberschuldet sind. Beide Einrichtungen bieten zudem ihre Unterst\u00fctzung bei der Verhandlung mit Gl\u00e4ubigern sowie bei der Vorbereitung eines Verbraucherinsolvenzverfahrens an. W\u00e4hrend beim Caritasverband bislang einmal w\u00f6chentlich eine offene Sprechstunde stattfand, wurden bei der AWO Termine nach telefonischer Vereinbarung vergeben.<\/p>\n<p>K\u00fcnftig gibt es feste Sprechzeiten: Die AWO ber\u00e4t montags bis donnerstags von 8.30 bis 12.30 Uhr und von 14.00 bis 15.00 Uhr. Zudem gibt es Notsprechstunden am Dienstag von 9.00 bis 10.00 Uhr und am Freitag von 11.00 bis 12.00 Uhr. Der Caritasverband ber\u00e4t mittwochs von 8.30 bis 12.00 Uhr und von 13.00 bis 16.30 Uhr sowie donnerstags von 13.00 bis 17.00 Uhr. Eine Notsprechstunde wird mittwochs von 9.00 bis 11.00 Uhr angeboten.<\/p>\n<p><strong>Gesamtgesellschaftliche Aufgabe<\/strong><\/p>\n<p>\u201eMit der Ausweitung des Angebotes hoffen wir, nicht nur die Nachfrage decken zu k\u00f6nnen, sondern k\u00fcnftig auch l\u00e4ngere Wartezeiten zu vermeiden\u201c, f\u00fchrte der Landrat aus. Die Bew\u00e4ltigung der zunehmenden \u00dcberschuldungsproblematik sei zu einer wichtigen gesamtgesellschaftliche Aufgabe geworden, die auch den Verantwortlichen in der Region einen verst\u00e4rkten Einsatz abverlange.<\/p>\n<p>In den vergangenen zwei Jahren hatten AWO und Caritasverband im Rahmen einer Kooperation mit dem Landkreis Fulda auch die Beratung von verschuldeten ALG II-Empf\u00e4ngern \u00fcbernommen. \u201eDie Kooperation hat sich bew\u00e4hrt, deshalb verl\u00e4ngern wir die Vertr\u00e4ge zun\u00e4chst bis zum 31. Dezember 2010\u201c, so Woide. Seit 2006 seien allein 250 ALG II-Empf\u00e4nger beraten worden.<\/p>\n<p><strong>Ganzheitliche Betreuung<\/strong><\/p>\n<p>J\u00fcrgen Stock, Leiter des Fachbereichs Arbeit und Soziales der Kreisverwaltung, betonte: \u201eSchulden sind ein klassisches Vermittlungshemmnis. Und nicht selten gehen Schulden auch mit Problemen im gesundheitlichen Bereich oder in der Familie beziehungsweise Partnerschaft einher.\u201c Aufgabe der Optionskommune sei es, diese Einflussfaktoren bei der Vermittlung von Langzeitarbeitslosen zu ber\u00fccksichtigen und eine ganzheitliche Betreuung sicherzustellen.<\/p>\n<p>\u201eAus der Erfahrung der letzten drei Jahre wissen wir, dass Langzeitarbeitslose mit einer kompetenten Beratung oft den Weg aus finanziellen und pers\u00f6nlichen Krisen finden und neue Lebensperspektiven bekommen\u201c, so Landrat Woide. Diese Hilfe zur Selbsthilfe m\u00fcsse weiter ausgebaut werden. Deshalb habe die Stadt Fulda ihre freiwillige Unterst\u00fctzungsleistungen auch in anderen Bereichen der freien Wohlfahrtspflege nicht gek\u00fcrzt, erg\u00e4nzte B\u00fcrgermeister Dr. Dippel.<\/p>\n","protected":false},"excerpt":{"rendered":"<div class=\"tmnf_excerpt\"><p>Fulda. Der Kreisverband der Arbeiterwohlfahrt Fulda e.V. sowie der Caritasverband f\u00fcr Stadt und Landkreis Fulda e.V. werden mit Beginn des neuen Jahres ihr Angebot der offenen Schuldnerberatung ausweiten. Um der vorhandenen Nachfrage gerecht zu werden und l\u00e4ngere Wartezeiten zu vermeiden, hat der Kreisausschuss beschlossen, zus\u00e4tzliche Mittel zur Verf\u00fcgung zu stellen. Fotos (3): Landkreis Fulda \u00c2\u00a0\u00c2\u00a0<\/p>\n<\/div>","protected":false},"author":1,"featured_media":0,"comment_status":"closed","ping_status":"closed","sticky":false,"template":"","format":"standard","meta":{"footnotes":""},"categories":[1,29],"tags":[],"class_list":["post-7207","post","type-post","status-publish","format-standard","hentry","category-startseite","category-politik"],"_links":{"self":[{"href":"https:\/\/www.fuldaernachrichten.de\/index.php?rest_route=\/wp\/v2\/posts\/7207","targetHints":{"allow":["GET"]}}],"collection":[{"href":"https:\/\/www.fuldaernachrichten.de\/index.php?rest_route=\/wp\/v2\/posts"}],"about":[{"href":"https:\/\/www.fuldaernachrichten.de\/index.php?rest_route=\/wp\/v2\/types\/post"}],"author":[{"embeddable":true,"href":"https:\/\/www.fuldaernachrichten.de\/index.php?rest_route=\/wp\/v2\/users\/1"}],"replies":[{"embeddable":true,"href":"https:\/\/www.fuldaernachrichten.de\/index.php?rest_route=%2Fwp%2Fv2%2Fcomments&post=7207"}],"version-history":[{"count":0,"href":"https:\/\/www.fuldaernachrichten.de\/index.php?rest_route=\/wp\/v2\/posts\/7207\/revisions"}],"wp:attachment":[{"href":"https:\/\/www.fuldaernachrichten.de\/index.php?rest_route=%2Fwp%2Fv2%2Fmedia&parent=7207"}],"wp:term":[{"taxonomy":"category","embeddable":true,"href":"https:\/\/www.fuldaernachrichten.de\/index.php?rest_route=%2Fwp%2Fv2%2Fcategories&post=7207"},{"taxonomy":"post_tag","embeddable":true,"href":"https:\/\/www.fuldaernachrichten.de\/index.php?rest_route=%2Fwp%2Fv2%2Ftags&post=7207"}],"curies":[{"name":"wp","href":"https:\/\/api.w.org\/{rel}","templated":true}]}}